{"id":2797,"date":"2026-03-09T16:42:45","date_gmt":"2026-03-09T15:42:45","guid":{"rendered":"https:\/\/www.sophiejelger.fr\/?p=2797"},"modified":"2026-04-16T12:15:36","modified_gmt":"2026-04-16T10:15:36","slug":"pourquoi-votre-interieur-ne-vous-correspond-plus","status":"publish","type":"post","link":"https:\/\/www.sophiejelger.fr\/index.php\/09\/03\/2026\/pourquoi-votre-interieur-ne-vous-correspond-plus\/","title":{"rendered":"Pourquoi votre int\u00e9rieur ne vous correspond plus ?"},"content":{"rendered":"\n<h2 class=\"wp-block-heading\">LE R\u00d4LE CL\u00c9 DE LA COULEUR DANS L&rsquo;HARMONIE D&rsquo;UN INT\u00c9RIEUR<\/h2>\n\n\n\n<p class=\"has-text-color has-link-color wp-elements-50a121ba3e6763527035448815307b2a\" style=\"color:#294862\">Vous avez chang\u00e9, votre int\u00e9rieur lui, est rest\u00e9 fig\u00e9. Maison, appartement, g\u00eete, bureau, commerce\u2026 <br>Quelque chose ne fonctionne plus vraiment, sans savoir exactement pourquoi.<br><br>Vous h\u00e9sitez \u00e0 refaire, vous accumulez des id\u00e9es, vous repoussez les d\u00e9cisions, vous avez peut-\u00eatre d\u00e9j\u00e0 essay\u00e9 (changer un meuble, repeindre un mur, ajouter de la d\u00e9coration\u2026 ) mais l\u2019harmonie ne vient pas. <br>Et si le probl\u00e8me n\u2019\u00e9tait ni la surface, ni le mobilier, ni le budget ? S&rsquo;il s&rsquo;agissait simplement d&rsquo;une question de <strong>coh\u00e9rence\u2026 et de strat\u00e9gie couleur ?<\/strong><\/p>\n\n\n\n<figure class=\"wp-block-gallery has-nested-images columns-7 is-cropped wp-block-gallery-1 is-layout-flex wp-block-gallery-is-layout-flex\">\n<figure class=\"wp-block-image size-large\"><img loading=\"lazy\" decoding=\"async\" width=\"683\" height=\"1024\" data-id=\"1589\" src=\"https:\/\/www.sophiejelger.fr\/wp-content\/uploads\/2024\/03\/coaching-deco-professionels-sophie-jelger-683x1024.jpg\" alt=\"\" class=\"wp-image-1589\" srcset=\"https:\/\/www.sophiejelger.fr\/wp-content\/uploads\/2024\/03\/coaching-deco-professionels-sophie-jelger-683x1024.jpg 683w, https:\/\/www.sophiejelger.fr\/wp-content\/uploads\/2024\/03\/coaching-deco-professionels-sophie-jelger-200x300.jpg 200w, https:\/\/www.sophiejelger.fr\/wp-content\/uploads\/2024\/03\/coaching-deco-professionels-sophie-jelger-768x1151.jpg 768w, https:\/\/www.sophiejelger.fr\/wp-content\/uploads\/2024\/03\/coaching-deco-professionels-sophie-jelger-1025x1536.jpg 1025w, https:\/\/www.sophiejelger.fr\/wp-content\/uploads\/2024\/03\/coaching-deco-professionels-sophie-jelger-1367x2048.jpg 1367w, https:\/\/www.sophiejelger.fr\/wp-content\/uploads\/2024\/03\/coaching-deco-professionels-sophie-jelger-scaled.jpg 1708w\" sizes=\"auto, (max-width: 683px) 100vw, 683px\" \/><\/figure>\n\n\n\n<figure class=\"wp-block-image size-large\"><img loading=\"lazy\" decoding=\"async\" width=\"683\" height=\"1024\" data-id=\"1843\" src=\"https:\/\/www.sophiejelger.fr\/wp-content\/uploads\/2024\/09\/location-meublee-decoration-sophie-jelger-683x1024.jpg\" alt=\"pourquoi votre int\u00e9rieur ne vous correspond plus ?\" class=\"wp-image-1843\" srcset=\"https:\/\/www.sophiejelger.fr\/wp-content\/uploads\/2024\/09\/location-meublee-decoration-sophie-jelger-683x1024.jpg 683w, https:\/\/www.sophiejelger.fr\/wp-content\/uploads\/2024\/09\/location-meublee-decoration-sophie-jelger-200x300.jpg 200w, https:\/\/www.sophiejelger.fr\/wp-content\/uploads\/2024\/09\/location-meublee-decoration-sophie-jelger-768x1152.jpg 768w, https:\/\/www.sophiejelger.fr\/wp-content\/uploads\/2024\/09\/location-meublee-decoration-sophie-jelger-1024x1536.jpg 1024w, https:\/\/www.sophiejelger.fr\/wp-content\/uploads\/2024\/09\/location-meublee-decoration-sophie-jelger-1365x2048.jpg 1365w, https:\/\/www.sophiejelger.fr\/wp-content\/uploads\/2024\/09\/location-meublee-decoration-sophie-jelger-scaled.jpg 1707w\" sizes=\"auto, (max-width: 683px) 100vw, 683px\" \/><\/figure>\n\n\n\n<figure class=\"wp-block-image size-large\"><img loading=\"lazy\" decoding=\"async\" width=\"683\" height=\"1024\" data-id=\"1845\" src=\"https:\/\/www.sophiejelger.fr\/wp-content\/uploads\/2024\/09\/appartement-location-decoration-sophie-jelger-683x1024.jpg\" alt=\"\" class=\"wp-image-1845\" srcset=\"https:\/\/www.sophiejelger.fr\/wp-content\/uploads\/2024\/09\/appartement-location-decoration-sophie-jelger-683x1024.jpg 683w, https:\/\/www.sophiejelger.fr\/wp-content\/uploads\/2024\/09\/appartement-location-decoration-sophie-jelger-200x300.jpg 200w, https:\/\/www.sophiejelger.fr\/wp-content\/uploads\/2024\/09\/appartement-location-decoration-sophie-jelger-768x1152.jpg 768w, https:\/\/www.sophiejelger.fr\/wp-content\/uploads\/2024\/09\/appartement-location-decoration-sophie-jelger-1024x1536.jpg 1024w, https:\/\/www.sophiejelger.fr\/wp-content\/uploads\/2024\/09\/appartement-location-decoration-sophie-jelger-1365x2048.jpg 1365w, https:\/\/www.sophiejelger.fr\/wp-content\/uploads\/2024\/09\/appartement-location-decoration-sophie-jelger-scaled.jpg 1707w\" sizes=\"auto, (max-width: 683px) 100vw, 683px\" \/><\/figure>\n\n\n\n<figure class=\"wp-block-image size-large\"><img loading=\"lazy\" decoding=\"async\" width=\"1024\" height=\"683\" data-id=\"1844\" src=\"https:\/\/www.sophiejelger.fr\/wp-content\/uploads\/2024\/09\/blog-location-decoration-sophie-jelger-1024x683.jpg\" alt=\"et pourquoi la couleur est peut-\u00eatre la cl\u00e9 ?\" class=\"wp-image-1844\" srcset=\"https:\/\/www.sophiejelger.fr\/wp-content\/uploads\/2024\/09\/blog-location-decoration-sophie-jelger-1024x683.jpg 1024w, https:\/\/www.sophiejelger.fr\/wp-content\/uploads\/2024\/09\/blog-location-decoration-sophie-jelger-300x200.jpg 300w, https:\/\/www.sophiejelger.fr\/wp-content\/uploads\/2024\/09\/blog-location-decoration-sophie-jelger-768x512.jpg 768w, https:\/\/www.sophiejelger.fr\/wp-content\/uploads\/2024\/09\/blog-location-decoration-sophie-jelger-1536x1025.jpg 1536w, https:\/\/www.sophiejelger.fr\/wp-content\/uploads\/2024\/09\/blog-location-decoration-sophie-jelger-2048x1366.jpg 2048w\" sizes=\"auto, (max-width: 1024px) 100vw, 1024px\" \/><\/figure>\n<\/figure>\n\n\n\n<h2 class=\"wp-block-heading has-text-color has-link-color wp-elements-ff8883ffe7364bc141afd034a23707d5\" style=\"color:#294862\"><br>QUAND UN LIEU N&rsquo;\u00c9VOLUE PLUS AVEC VOUS<\/h2>\n\n\n\n<p class=\"has-text-color has-link-color wp-elements-fcddacb3eae51c862348bcc5a39c510b\" style=\"color:#294862\">Beaucoup de particuliers et de professionnels que j\u2019accompagne me disent :<br>\u201cOn ne se sent plus vraiment bien ici.\u201d<br>\u201cJ&rsquo;ai peur de me tromper.\u201d<br>\u201cOn voudrait mettre de la couleur mais on n\u2019ose pas.\u201d<br>\u201cOn veut du changement sans tout d\u00e9molir.\u201d<br>\u201cNous avons investi mais ce n\u2019est pas harmonieux.\u201d<br><br>Ce ressenti est plus courant qu\u2019on ne le pense. <br>Un lieu \u00e9volue toujours moins vite que nous. Quand il n\u2019est plus align\u00e9 avec notre mode de vie, nos besoins ou l\u2019image que l\u2019on souhaite transmettre, un d\u00e9calage s\u2019installe. Et il se voit souvent\u2026 dans les couleurs.<\/p>\n\n\n\n<h2 class=\"wp-block-heading has-text-color has-link-color wp-elements-8a197a3964064664aced06efa62d6055\" style=\"color:#294862\">LE VRAI PROBL\u00c8ME : L&rsquo;ABSENCE DE VISION D&rsquo;ENSEMBLE<\/h2>\n\n\n\n<p class=\"has-text-color has-link-color wp-elements-189a5a1cf6192a74db7886fe5ad003bd\" style=\"color:#294862\">On choisit une peinture isol\u00e9e. Un papier peint coup de c\u0153ur. Un mobilier tendance. <br>Mais sans strat\u00e9gie, l\u2019harmonie ne se cr\u00e9e pas.<br><br><strong><a href=\"https:\/\/www.sophiejelger.fr\/index.php\/coloriste-decoratrice\/\" type=\"page\" id=\"2280\" target=\"_blank\" rel=\"noreferrer noopener\">La couleur<\/a><\/strong> n\u2019est pas que d\u00e9corative ! Elle structure les volumes, elle relie les espaces, elle influence la lumi\u00e8re, elle impacte la perception d&rsquo;un lieu et les \u00e9motions. <br>Sans coh\u00e9rence d\u2019ensemble, un int\u00e9rieur, qu\u2019il soit <strong>priv\u00e9 ou professionnel<\/strong>, reste fragment\u00e9.<\/p>\n\n\n\n<h2 class=\"wp-block-heading has-text-color has-link-color wp-elements-563b2367b43127440e53d37c120d53cf\" style=\"color:#294862\">LA STRAT\u00c9GIE COULEUR : R\u00c9V\u00c9LER L&rsquo;IDENTIT\u00c9 D&rsquo;UN LIEU<\/h2>\n\n\n\n<p class=\"has-text-color has-link-color wp-elements-e244114d1ff935d61136b13214b33f03\" style=\"color:#294862\">La couleur est un v\u00e9ritable langage. Certaines harmonies fonctionnent naturellement. D\u2019autres paraissent trop fades, trop contrast\u00e9es ou simplement d\u00e9s\u00e9quilibr\u00e9es. <br>Ce n\u2019est pas un hasard ! Chaque couleur interagit avec la lumi\u00e8re, les volumes, les mat\u00e9riaux et les teintes qui l\u2019entourent.<br><br><a href=\"https:\/\/www.sophiejelger.fr\/index.php\/decoration-eco-responsable\/\" target=\"_blank\" rel=\"noreferrer noopener\"><strong>D\u00e9coratrice d&rsquo;int\u00e9rieur engag\u00e9e<\/strong><\/a> et coloriste, j\u2019aborde la couleur comme une v\u00e9ritable <strong>strat\u00e9gie chromatique<\/strong>. <br>Mon r\u00f4le est d\u2019analyser l\u2019architecture du lieu, la lumi\u00e8re naturelle, les usages et l\u2019atmosph\u00e8re recherch\u00e9e pour construire une palette coh\u00e9rente et durable. Je m\u2019appuie notamment sur le <strong>syst\u00e8me NCS (Natural Color System)<\/strong>. C&rsquo;est un outil utilis\u00e9 par les architectes et designers pour comprendre et composer les couleurs avec pr\u00e9cision. Il permet de cr\u00e9er des harmonies de couleurs subtiles, des contrastes \u00e9quilibr\u00e9s et d\u2019\u00e9viter les associations hasardeuses.<br><br>L\u2019objectif n\u2019est pas simplement de choisir une couleur. C\u2019est de cr\u00e9er une atmosph\u00e8re juste, durable et align\u00e9e avec votre identit\u00e9.<\/p>\n\n\n\n<figure class=\"wp-block-gallery has-nested-images columns-4 is-cropped wp-block-gallery-2 is-layout-flex wp-block-gallery-is-layout-flex\">\n<figure class=\"wp-block-image size-large\"><img decoding=\"async\" data-id=\"2008\" src=\"https:\/\/www.sophiejelger.fr\/wp-content\/uploads\/2025\/02\/lumiere-decoration-interieure-sophie-jelger.jpg\" alt=\"la couleur n'est qu'une perception de l'oeil\" class=\"wp-image-2008\"\/><\/figure>\n\n\n\n<figure data-wp-context=\"{&quot;imageId&quot;:&quot;69f059cd449a8&quot;}\" data-wp-interactive=\"core\/image\" data-wp-key=\"69f059cd449a8\" class=\"wp-block-image size-large wp-lightbox-container\"><img loading=\"lazy\" decoding=\"async\" width=\"1920\" height=\"2560\" data-wp-class--hide=\"state.isContentHidden\" data-wp-class--show=\"state.isContentVisible\" data-wp-init=\"callbacks.setButtonStyles\" data-wp-on--click=\"actions.showLightbox\" data-wp-on--load=\"callbacks.setButtonStyles\" data-wp-on-window--resize=\"callbacks.setButtonStyles\" data-id=\"2038\" src=\"https:\/\/www.sophiejelger.fr\/wp-content\/uploads\/2025\/03\/couleurs-deco-sophie-jelger-scaled.jpg\" alt=\"aplats de couleurs\" class=\"wp-image-2038\" srcset=\"https:\/\/www.sophiejelger.fr\/wp-content\/uploads\/2025\/03\/couleurs-deco-sophie-jelger-scaled.jpg 1920w, https:\/\/www.sophiejelger.fr\/wp-content\/uploads\/2025\/03\/couleurs-deco-sophie-jelger-225x300.jpg 225w\" sizes=\"auto, (max-width: 1920px) 100vw, 1920px\" \/><button\n\t\t\tclass=\"lightbox-trigger\"\n\t\t\ttype=\"button\"\n\t\t\taria-haspopup=\"dialog\"\n\t\t\taria-label=\"Agrandir\"\n\t\t\tdata-wp-init=\"callbacks.initTriggerButton\"\n\t\t\tdata-wp-on--click=\"actions.showLightbox\"\n\t\t\tdata-wp-style--right=\"state.imageButtonRight\"\n\t\t\tdata-wp-style--top=\"state.imageButtonTop\"\n\t\t>\n\t\t\t<svg xmlns=\"http:\/\/www.w3.org\/2000\/svg\" width=\"12\" height=\"12\" fill=\"none\" viewBox=\"0 0 12 12\">\n\t\t\t\t<path fill=\"#fff\" d=\"M2 0a2 2 0 0 0-2 2v2h1.5V2a.5.5 0 0 1 .5-.5h2V0H2Zm2 10.5H2a.5.5 0 0 1-.5-.5V8H0v2a2 2 0 0 0 2 2h2v-1.5ZM8 12v-1.5h2a.5.5 0 0 0 .5-.5V8H12v2a2 2 0 0 1-2 2H8Zm2-12a2 2 0 0 1 2 2v2h-1.5V2a.5.5 0 0 0-.5-.5H8V0h2Z\" \/>\n\t\t\t<\/svg>\n\t\t<\/button><\/figure>\n\n\n\n<figure data-wp-context=\"{&quot;imageId&quot;:&quot;69f059cd45020&quot;}\" data-wp-interactive=\"core\/image\" data-wp-key=\"69f059cd45020\" class=\"wp-block-image size-large wp-lightbox-container\"><img loading=\"lazy\" decoding=\"async\" width=\"768\" height=\"1024\" data-wp-class--hide=\"state.isContentHidden\" data-wp-class--show=\"state.isContentVisible\" data-wp-init=\"callbacks.setButtonStyles\" data-wp-on--click=\"actions.showLightbox\" data-wp-on--load=\"callbacks.setButtonStyles\" data-wp-on-window--resize=\"callbacks.setButtonStyles\" data-id=\"2032\" src=\"https:\/\/www.sophiejelger.fr\/wp-content\/uploads\/2025\/03\/tapisserie-sophie-jelger-768x1024.jpg\" alt=\"strat\u00e9gie couleurs int\u00e9rieur - \u00e9chantillons de rev\u00eatements muraux et sols\" class=\"wp-image-2032\" srcset=\"https:\/\/www.sophiejelger.fr\/wp-content\/uploads\/2025\/03\/tapisserie-sophie-jelger-768x1024.jpg 768w, https:\/\/www.sophiejelger.fr\/wp-content\/uploads\/2025\/03\/tapisserie-sophie-jelger-225x300.jpg 225w, https:\/\/www.sophiejelger.fr\/wp-content\/uploads\/2025\/03\/tapisserie-sophie-jelger-scaled.jpg 1920w\" sizes=\"auto, (max-width: 768px) 100vw, 768px\" \/><button\n\t\t\tclass=\"lightbox-trigger\"\n\t\t\ttype=\"button\"\n\t\t\taria-haspopup=\"dialog\"\n\t\t\taria-label=\"Agrandir\"\n\t\t\tdata-wp-init=\"callbacks.initTriggerButton\"\n\t\t\tdata-wp-on--click=\"actions.showLightbox\"\n\t\t\tdata-wp-style--right=\"state.imageButtonRight\"\n\t\t\tdata-wp-style--top=\"state.imageButtonTop\"\n\t\t>\n\t\t\t<svg xmlns=\"http:\/\/www.w3.org\/2000\/svg\" width=\"12\" height=\"12\" fill=\"none\" viewBox=\"0 0 12 12\">\n\t\t\t\t<path fill=\"#fff\" d=\"M2 0a2 2 0 0 0-2 2v2h1.5V2a.5.5 0 0 1 .5-.5h2V0H2Zm2 10.5H2a.5.5 0 0 1-.5-.5V8H0v2a2 2 0 0 0 2 2h2v-1.5ZM8 12v-1.5h2a.5.5 0 0 0 .5-.5V8H12v2a2 2 0 0 1-2 2H8Zm2-12a2 2 0 0 1 2 2v2h-1.5V2a.5.5 0 0 0-.5-.5H8V0h2Z\" \/>\n\t\t\t<\/svg>\n\t\t<\/button><\/figure>\n\n\n\n<figure data-wp-context=\"{&quot;imageId&quot;:&quot;69f059cd45876&quot;}\" data-wp-interactive=\"core\/image\" data-wp-key=\"69f059cd45876\" class=\"wp-block-image size-large wp-lightbox-container\"><img loading=\"lazy\" decoding=\"async\" width=\"768\" height=\"1024\" data-wp-class--hide=\"state.isContentHidden\" data-wp-class--show=\"state.isContentVisible\" data-wp-init=\"callbacks.setButtonStyles\" data-wp-on--click=\"actions.showLightbox\" data-wp-on--load=\"callbacks.setButtonStyles\" data-wp-on-window--resize=\"callbacks.setButtonStyles\" data-id=\"2337\" src=\"https:\/\/www.sophiejelger.fr\/wp-content\/uploads\/2025\/08\/etude-chromatique-sophie-jelger-1-768x1024.jpg\" alt=\"expertise en strat\u00e9gie couleur durable\" class=\"wp-image-2337\" srcset=\"https:\/\/www.sophiejelger.fr\/wp-content\/uploads\/2025\/08\/etude-chromatique-sophie-jelger-1-768x1024.jpg 768w, https:\/\/www.sophiejelger.fr\/wp-content\/uploads\/2025\/08\/etude-chromatique-sophie-jelger-1-225x300.jpg 225w, https:\/\/www.sophiejelger.fr\/wp-content\/uploads\/2025\/08\/etude-chromatique-sophie-jelger-1-1152x1536.jpg 1152w, https:\/\/www.sophiejelger.fr\/wp-content\/uploads\/2025\/08\/etude-chromatique-sophie-jelger-1-1536x2048.jpg 1536w, https:\/\/www.sophiejelger.fr\/wp-content\/uploads\/2025\/08\/etude-chromatique-sophie-jelger-1-scaled.jpg 1920w\" sizes=\"auto, (max-width: 768px) 100vw, 768px\" \/><button\n\t\t\tclass=\"lightbox-trigger\"\n\t\t\ttype=\"button\"\n\t\t\taria-haspopup=\"dialog\"\n\t\t\taria-label=\"Agrandir\"\n\t\t\tdata-wp-init=\"callbacks.initTriggerButton\"\n\t\t\tdata-wp-on--click=\"actions.showLightbox\"\n\t\t\tdata-wp-style--right=\"state.imageButtonRight\"\n\t\t\tdata-wp-style--top=\"state.imageButtonTop\"\n\t\t>\n\t\t\t<svg xmlns=\"http:\/\/www.w3.org\/2000\/svg\" width=\"12\" height=\"12\" fill=\"none\" viewBox=\"0 0 12 12\">\n\t\t\t\t<path fill=\"#fff\" d=\"M2 0a2 2 0 0 0-2 2v2h1.5V2a.5.5 0 0 1 .5-.5h2V0H2Zm2 10.5H2a.5.5 0 0 1-.5-.5V8H0v2a2 2 0 0 0 2 2h2v-1.5ZM8 12v-1.5h2a.5.5 0 0 0 .5-.5V8H12v2a2 2 0 0 1-2 2H8Zm2-12a2 2 0 0 1 2 2v2h-1.5V2a.5.5 0 0 0-.5-.5H8V0h2Z\" \/>\n\t\t\t<\/svg>\n\t\t<\/button><figcaption class=\"wp-element-caption\">\u00c9tude chromatique<\/figcaption><\/figure>\n\n\n\n<figure data-wp-context=\"{&quot;imageId&quot;:&quot;69f059cd45dff&quot;}\" data-wp-interactive=\"core\/image\" data-wp-key=\"69f059cd45dff\" class=\"wp-block-image size-large wp-lightbox-container\"><img loading=\"lazy\" decoding=\"async\" width=\"1024\" height=\"576\" data-wp-class--hide=\"state.isContentHidden\" data-wp-class--show=\"state.isContentVisible\" data-wp-init=\"callbacks.setButtonStyles\" data-wp-on--click=\"actions.showLightbox\" data-wp-on--load=\"callbacks.setButtonStyles\" data-wp-on-window--resize=\"callbacks.setButtonStyles\" data-id=\"2317\" src=\"https:\/\/www.sophiejelger.fr\/wp-content\/uploads\/2025\/08\/ambiance-equilibrante-sophie-jelger-1024x576.png\" alt=\"moodboard ambiance \u00e9quilibrante\" class=\"wp-image-2317\" srcset=\"https:\/\/www.sophiejelger.fr\/wp-content\/uploads\/2025\/08\/ambiance-equilibrante-sophie-jelger-1024x576.png 1024w, https:\/\/www.sophiejelger.fr\/wp-content\/uploads\/2025\/08\/ambiance-equilibrante-sophie-jelger-300x169.png 300w, https:\/\/www.sophiejelger.fr\/wp-content\/uploads\/2025\/08\/ambiance-equilibrante-sophie-jelger-768x432.png 768w, https:\/\/www.sophiejelger.fr\/wp-content\/uploads\/2025\/08\/ambiance-equilibrante-sophie-jelger-1536x864.png 1536w, https:\/\/www.sophiejelger.fr\/wp-content\/uploads\/2025\/08\/ambiance-equilibrante-sophie-jelger.png 1920w\" sizes=\"auto, (max-width: 1024px) 100vw, 1024px\" \/><button\n\t\t\tclass=\"lightbox-trigger\"\n\t\t\ttype=\"button\"\n\t\t\taria-haspopup=\"dialog\"\n\t\t\taria-label=\"Agrandir\"\n\t\t\tdata-wp-init=\"callbacks.initTriggerButton\"\n\t\t\tdata-wp-on--click=\"actions.showLightbox\"\n\t\t\tdata-wp-style--right=\"state.imageButtonRight\"\n\t\t\tdata-wp-style--top=\"state.imageButtonTop\"\n\t\t>\n\t\t\t<svg xmlns=\"http:\/\/www.w3.org\/2000\/svg\" width=\"12\" height=\"12\" fill=\"none\" viewBox=\"0 0 12 12\">\n\t\t\t\t<path fill=\"#fff\" d=\"M2 0a2 2 0 0 0-2 2v2h1.5V2a.5.5 0 0 1 .5-.5h2V0H2Zm2 10.5H2a.5.5 0 0 1-.5-.5V8H0v2a2 2 0 0 0 2 2h2v-1.5ZM8 12v-1.5h2a.5.5 0 0 0 .5-.5V8H12v2a2 2 0 0 1-2 2H8Zm2-12a2 2 0 0 1 2 2v2h-1.5V2a.5.5 0 0 0-.5-.5H8V0h2Z\" \/>\n\t\t\t<\/svg>\n\t\t<\/button><figcaption class=\"wp-element-caption\">Palette de couleurs int\u00e9rieures<\/figcaption><\/figure>\n\n\n\n<figure data-wp-context=\"{&quot;imageId&quot;:&quot;69f059cd462fb&quot;}\" data-wp-interactive=\"core\/image\" data-wp-key=\"69f059cd462fb\" class=\"wp-block-image size-large wp-lightbox-container\"><img loading=\"lazy\" decoding=\"async\" width=\"1024\" height=\"576\" data-wp-class--hide=\"state.isContentHidden\" data-wp-class--show=\"state.isContentVisible\" data-wp-init=\"callbacks.setButtonStyles\" data-wp-on--click=\"actions.showLightbox\" data-wp-on--load=\"callbacks.setButtonStyles\" data-wp-on-window--resize=\"callbacks.setButtonStyles\" data-id=\"2319\" src=\"https:\/\/www.sophiejelger.fr\/wp-content\/uploads\/2025\/08\/ambiance-vintage-sophie-jelger-1024x576.png\" alt=\"\u00e9tude chromatique ambiance vintage\" class=\"wp-image-2319\" srcset=\"https:\/\/www.sophiejelger.fr\/wp-content\/uploads\/2025\/08\/ambiance-vintage-sophie-jelger-1024x576.png 1024w, https:\/\/www.sophiejelger.fr\/wp-content\/uploads\/2025\/08\/ambiance-vintage-sophie-jelger-300x169.png 300w, https:\/\/www.sophiejelger.fr\/wp-content\/uploads\/2025\/08\/ambiance-vintage-sophie-jelger-768x432.png 768w, https:\/\/www.sophiejelger.fr\/wp-content\/uploads\/2025\/08\/ambiance-vintage-sophie-jelger-1536x864.png 1536w, https:\/\/www.sophiejelger.fr\/wp-content\/uploads\/2025\/08\/ambiance-vintage-sophie-jelger.png 1920w\" sizes=\"auto, (max-width: 1024px) 100vw, 1024px\" \/><button\n\t\t\tclass=\"lightbox-trigger\"\n\t\t\ttype=\"button\"\n\t\t\taria-haspopup=\"dialog\"\n\t\t\taria-label=\"Agrandir\"\n\t\t\tdata-wp-init=\"callbacks.initTriggerButton\"\n\t\t\tdata-wp-on--click=\"actions.showLightbox\"\n\t\t\tdata-wp-style--right=\"state.imageButtonRight\"\n\t\t\tdata-wp-style--top=\"state.imageButtonTop\"\n\t\t>\n\t\t\t<svg xmlns=\"http:\/\/www.w3.org\/2000\/svg\" width=\"12\" height=\"12\" fill=\"none\" viewBox=\"0 0 12 12\">\n\t\t\t\t<path fill=\"#fff\" d=\"M2 0a2 2 0 0 0-2 2v2h1.5V2a.5.5 0 0 1 .5-.5h2V0H2Zm2 10.5H2a.5.5 0 0 1-.5-.5V8H0v2a2 2 0 0 0 2 2h2v-1.5ZM8 12v-1.5h2a.5.5 0 0 0 .5-.5V8H12v2a2 2 0 0 1-2 2H8Zm2-12a2 2 0 0 1 2 2v2h-1.5V2a.5.5 0 0 0-.5-.5H8V0h2Z\" \/>\n\t\t\t<\/svg>\n\t\t<\/button><\/figure>\n\n\n\n<figure data-wp-context=\"{&quot;imageId&quot;:&quot;69f059cd4681f&quot;}\" data-wp-interactive=\"core\/image\" data-wp-key=\"69f059cd4681f\" class=\"wp-block-image size-large wp-lightbox-container\"><img loading=\"lazy\" decoding=\"async\" width=\"1024\" height=\"576\" data-wp-class--hide=\"state.isContentHidden\" data-wp-class--show=\"state.isContentVisible\" data-wp-init=\"callbacks.setButtonStyles\" data-wp-on--click=\"actions.showLightbox\" data-wp-on--load=\"callbacks.setButtonStyles\" data-wp-on-window--resize=\"callbacks.setButtonStyles\" data-id=\"2318\" src=\"https:\/\/www.sophiejelger.fr\/wp-content\/uploads\/2025\/08\/ambiance-apaisante-sophie-jelger-1024x576.png\" alt=\"planche ambiance couleurs ambiance apaisante - strat\u00e9gie couleur int\u00e9rieur\" class=\"wp-image-2318\" srcset=\"https:\/\/www.sophiejelger.fr\/wp-content\/uploads\/2025\/08\/ambiance-apaisante-sophie-jelger-1024x576.png 1024w, https:\/\/www.sophiejelger.fr\/wp-content\/uploads\/2025\/08\/ambiance-apaisante-sophie-jelger-300x169.png 300w, https:\/\/www.sophiejelger.fr\/wp-content\/uploads\/2025\/08\/ambiance-apaisante-sophie-jelger-768x432.png 768w, https:\/\/www.sophiejelger.fr\/wp-content\/uploads\/2025\/08\/ambiance-apaisante-sophie-jelger-1536x864.png 1536w, https:\/\/www.sophiejelger.fr\/wp-content\/uploads\/2025\/08\/ambiance-apaisante-sophie-jelger.png 1920w\" sizes=\"auto, (max-width: 1024px) 100vw, 1024px\" \/><button\n\t\t\tclass=\"lightbox-trigger\"\n\t\t\ttype=\"button\"\n\t\t\taria-haspopup=\"dialog\"\n\t\t\taria-label=\"Agrandir\"\n\t\t\tdata-wp-init=\"callbacks.initTriggerButton\"\n\t\t\tdata-wp-on--click=\"actions.showLightbox\"\n\t\t\tdata-wp-style--right=\"state.imageButtonRight\"\n\t\t\tdata-wp-style--top=\"state.imageButtonTop\"\n\t\t>\n\t\t\t<svg xmlns=\"http:\/\/www.w3.org\/2000\/svg\" width=\"12\" height=\"12\" fill=\"none\" viewBox=\"0 0 12 12\">\n\t\t\t\t<path fill=\"#fff\" d=\"M2 0a2 2 0 0 0-2 2v2h1.5V2a.5.5 0 0 1 .5-.5h2V0H2Zm2 10.5H2a.5.5 0 0 1-.5-.5V8H0v2a2 2 0 0 0 2 2h2v-1.5ZM8 12v-1.5h2a.5.5 0 0 0 .5-.5V8H12v2a2 2 0 0 1-2 2H8Zm2-12a2 2 0 0 1 2 2v2h-1.5V2a.5.5 0 0 0-.5-.5H8V0h2Z\" \/>\n\t\t\t<\/svg>\n\t\t<\/button><\/figure>\n<\/figure>\n\n\n\n<h2 class=\"wp-block-heading has-text-color has-link-color wp-elements-658272d40670bf04a2ad3ad7be08aaac\" style=\"color:#294862\"><br>CE QU&rsquo;UNE STRAT\u00c9GIE COULEUR PEUT TRANSFORMER :<\/h2>\n\n\n\n<p class=\"has-text-color has-link-color wp-elements-efd2d4587c1aa1319e253bc53b9c7a65\" style=\"color:#294862\">Lorsqu\u2019elle est pens\u00e9e dans son ensemble, <strong><a href=\"https:\/\/www.sophiejelger.fr\/index.php\/decoration-eco-responsable\/\" target=\"_blank\" rel=\"noreferrer noopener\">la couleur<\/a><\/strong> permet :<\/p>\n\n\n\n<p class=\"has-text-color has-link-color wp-elements-16e52d34a543f2aa6dd7dea3fb183623\" style=\"color:#294862\">\u2714 de r\u00e9v\u00e9ler l\u2019architecture existante<br>\u2714 d\u2019unifier un espace neuf ou ancien<br>\u2714 d\u2019harmoniser les couleurs int\u00e9rieures (mobilier et mat\u00e9riaux)<br>\u2714 d\u2019oser la couleur avec assurance<br>\u2714 d\u2019\u00e9viter des erreurs co\u00fbteuses<br>\u2714 de cr\u00e9er une atmosph\u00e8re coh\u00e9rente et durable<\/p>\n\n\n\n<figure class=\"wp-block-gallery has-nested-images columns-5 is-cropped wp-block-gallery-3 is-layout-flex wp-block-gallery-is-layout-flex\">\n<figure class=\"wp-block-image size-large\"><img loading=\"lazy\" decoding=\"async\" width=\"819\" height=\"1024\" data-id=\"2239\" src=\"https:\/\/www.sophiejelger.fr\/wp-content\/uploads\/2025\/07\/decoration-design-durable-nature-sophie-jelger-1-819x1024.png\" alt=\"\" class=\"wp-image-2239\" srcset=\"https:\/\/www.sophiejelger.fr\/wp-content\/uploads\/2025\/07\/decoration-design-durable-nature-sophie-jelger-1-819x1024.png 819w, https:\/\/www.sophiejelger.fr\/wp-content\/uploads\/2025\/07\/decoration-design-durable-nature-sophie-jelger-1-240x300.png 240w, https:\/\/www.sophiejelger.fr\/wp-content\/uploads\/2025\/07\/decoration-design-durable-nature-sophie-jelger-1-768x960.png 768w, https:\/\/www.sophiejelger.fr\/wp-content\/uploads\/2025\/07\/decoration-design-durable-nature-sophie-jelger-1.png 1080w\" sizes=\"auto, (max-width: 819px) 100vw, 819px\" \/><\/figure>\n\n\n\n<figure class=\"wp-block-image size-large\"><a href=\"https:\/\/www.sophiejelger.fr\/index.php\/mes-realisations\/\"><img loading=\"lazy\" decoding=\"async\" width=\"1024\" height=\"683\" data-id=\"635\" src=\"https:\/\/www.sophiejelger.fr\/wp-content\/uploads\/2023\/05\/mes-realisations-sophie-jelger-1024x683.jpg\" alt=\"Mes r\u00e9alisations d'am\u00e9nagement et d\u00e9coration d'int\u00e9rieur - Sophie Jelger\" class=\"wp-image-635\" srcset=\"https:\/\/www.sophiejelger.fr\/wp-content\/uploads\/2023\/05\/mes-realisations-sophie-jelger-1024x683.jpg 1024w, https:\/\/www.sophiejelger.fr\/wp-content\/uploads\/2023\/05\/mes-realisations-sophie-jelger-300x200.jpg 300w, https:\/\/www.sophiejelger.fr\/wp-content\/uploads\/2023\/05\/mes-realisations-sophie-jelger-768x512.jpg 768w, https:\/\/www.sophiejelger.fr\/wp-content\/uploads\/2023\/05\/mes-realisations-sophie-jelger-1536x1024.jpg 1536w\" sizes=\"auto, (max-width: 1024px) 100vw, 1024px\" \/><\/a><figcaption class=\"wp-element-caption\">Mes r\u00e9alisations d&rsquo;am\u00e9nagement et d\u00e9coration d&rsquo;int\u00e9rieur &#8211; Sophie Jelger<\/figcaption><\/figure>\n\n\n\n<figure class=\"wp-block-image size-large\"><img loading=\"lazy\" decoding=\"async\" width=\"1024\" height=\"576\" data-id=\"1864\" src=\"https:\/\/www.sophiejelger.fr\/wp-content\/uploads\/2024\/09\/materiaux-naturels-sophie-jelger-1-1024x576.jpg\" alt=\"\" class=\"wp-image-1864\" srcset=\"https:\/\/www.sophiejelger.fr\/wp-content\/uploads\/2024\/09\/materiaux-naturels-sophie-jelger-1-1024x576.jpg 1024w, https:\/\/www.sophiejelger.fr\/wp-content\/uploads\/2024\/09\/materiaux-naturels-sophie-jelger-1-300x169.jpg 300w, https:\/\/www.sophiejelger.fr\/wp-content\/uploads\/2024\/09\/materiaux-naturels-sophie-jelger-1-768x432.jpg 768w, https:\/\/www.sophiejelger.fr\/wp-content\/uploads\/2024\/09\/materiaux-naturels-sophie-jelger-1.jpg 1280w\" sizes=\"auto, (max-width: 1024px) 100vw, 1024px\" \/><\/figure>\n\n\n\n<figure class=\"wp-block-image size-large\"><img loading=\"lazy\" decoding=\"async\" width=\"1024\" height=\"683\" data-id=\"1226\" src=\"https:\/\/www.sophiejelger.fr\/wp-content\/uploads\/2024\/01\/pexels-alexander-grey-1148998-1-1024x683.jpg\" alt=\"\" class=\"wp-image-1226\" srcset=\"https:\/\/www.sophiejelger.fr\/wp-content\/uploads\/2024\/01\/pexels-alexander-grey-1148998-1-1024x683.jpg 1024w, https:\/\/www.sophiejelger.fr\/wp-content\/uploads\/2024\/01\/pexels-alexander-grey-1148998-1-300x200.jpg 300w, https:\/\/www.sophiejelger.fr\/wp-content\/uploads\/2024\/01\/pexels-alexander-grey-1148998-1-768x512.jpg 768w, https:\/\/www.sophiejelger.fr\/wp-content\/uploads\/2024\/01\/pexels-alexander-grey-1148998-1-1536x1024.jpg 1536w, https:\/\/www.sophiejelger.fr\/wp-content\/uploads\/2024\/01\/pexels-alexander-grey-1148998-1-2048x1365.jpg 2048w\" sizes=\"auto, (max-width: 1024px) 100vw, 1024px\" \/><\/figure>\n<\/figure>\n\n\n\n<h2 class=\"wp-block-heading has-text-color has-link-color wp-elements-788252341c5dfe60bf4998ec478b5e41\" style=\"color:#294862\"><br>ET SI C&rsquo;\u00c9TAIT LE BON MOMENT POUR EN PARLER ?<\/h2>\n\n\n\n<h3 class=\"wp-block-heading has-text-color has-link-color wp-elements-4cd892c1f37e93d8fdefbdf56ec1fcb4\" style=\"color:#294862\">Vous venez au Salon \u00c9nergie Habitat \u00e0 Colmar ?<\/h3>\n\n\n\n<p class=\"has-text-color has-link-color wp-elements-0e1a00ca96008efa32ecdc0b6b1258c7\" style=\"color:#22394d\">Je serai pr\u00e9sente sur le <a href=\"https:\/\/www.energiehabitat-colmar.com\/fr\/coachings-deco.html\" target=\"_blank\" rel=\"noreferrer noopener\"><strong>corner coaching d\u00e9co<\/strong><\/a>, aux c\u00f4t\u00e9s d\u2019architectes et de professionnels de l\u2019am\u00e9nagement.<\/p>\n\n\n\n<figure class=\"wp-block-gallery has-nested-images columns-2 is-cropped wp-block-gallery-4 is-layout-flex wp-block-gallery-is-layout-flex\">\n<figure data-wp-context=\"{&quot;imageId&quot;:&quot;69f059cd473e2&quot;}\" data-wp-interactive=\"core\/image\" data-wp-key=\"69f059cd473e2\" class=\"wp-block-image size-large wp-lightbox-container\"><img loading=\"lazy\" decoding=\"async\" width=\"1024\" height=\"576\" data-wp-class--hide=\"state.isContentHidden\" data-wp-class--show=\"state.isContentVisible\" data-wp-init=\"callbacks.setButtonStyles\" data-wp-on--click=\"actions.showLightbox\" data-wp-on--load=\"callbacks.setButtonStyles\" data-wp-on-window--resize=\"callbacks.setButtonStyles\" data-id=\"2889\" src=\"https:\/\/www.sophiejelger.fr\/wp-content\/uploads\/2026\/03\/eh26-couve-1024x576.jpg\" alt=\"\" class=\"wp-image-2889\" srcset=\"https:\/\/www.sophiejelger.fr\/wp-content\/uploads\/2026\/03\/eh26-couve-1024x576.jpg 1024w, https:\/\/www.sophiejelger.fr\/wp-content\/uploads\/2026\/03\/eh26-couve-300x169.jpg 300w, https:\/\/www.sophiejelger.fr\/wp-content\/uploads\/2026\/03\/eh26-couve-768x432.jpg 768w, https:\/\/www.sophiejelger.fr\/wp-content\/uploads\/2026\/03\/eh26-couve-1536x864.jpg 1536w, https:\/\/www.sophiejelger.fr\/wp-content\/uploads\/2026\/03\/eh26-couve.jpg 1920w\" sizes=\"auto, (max-width: 1024px) 100vw, 1024px\" \/><button\n\t\t\tclass=\"lightbox-trigger\"\n\t\t\ttype=\"button\"\n\t\t\taria-haspopup=\"dialog\"\n\t\t\taria-label=\"Agrandir\"\n\t\t\tdata-wp-init=\"callbacks.initTriggerButton\"\n\t\t\tdata-wp-on--click=\"actions.showLightbox\"\n\t\t\tdata-wp-style--right=\"state.imageButtonRight\"\n\t\t\tdata-wp-style--top=\"state.imageButtonTop\"\n\t\t>\n\t\t\t<svg xmlns=\"http:\/\/www.w3.org\/2000\/svg\" width=\"12\" height=\"12\" fill=\"none\" viewBox=\"0 0 12 12\">\n\t\t\t\t<path fill=\"#fff\" d=\"M2 0a2 2 0 0 0-2 2v2h1.5V2a.5.5 0 0 1 .5-.5h2V0H2Zm2 10.5H2a.5.5 0 0 1-.5-.5V8H0v2a2 2 0 0 0 2 2h2v-1.5ZM8 12v-1.5h2a.5.5 0 0 0 .5-.5V8H12v2a2 2 0 0 1-2 2H8Zm2-12a2 2 0 0 1 2 2v2h-1.5V2a.5.5 0 0 0-.5-.5H8V0h2Z\" \/>\n\t\t\t<\/svg>\n\t\t<\/button><\/figure>\n\n\n\n<figure data-wp-context=\"{&quot;imageId&quot;:&quot;69f059cd47952&quot;}\" data-wp-interactive=\"core\/image\" data-wp-key=\"69f059cd47952\" class=\"wp-block-image size-large wp-lightbox-container\"><img loading=\"lazy\" decoding=\"async\" width=\"1024\" height=\"576\" data-wp-class--hide=\"state.isContentHidden\" data-wp-class--show=\"state.isContentVisible\" data-wp-init=\"callbacks.setButtonStyles\" data-wp-on--click=\"actions.showLightbox\" data-wp-on--load=\"callbacks.setButtonStyles\" data-wp-on-window--resize=\"callbacks.setButtonStyles\" data-id=\"2927\" src=\"https:\/\/www.sophiejelger.fr\/wp-content\/uploads\/2023\/03\/sophie-jelger-decoratrice-dinterieur-engagee-et-coloriste-1024x576.png\" alt=\"\" class=\"wp-image-2927\" srcset=\"https:\/\/www.sophiejelger.fr\/wp-content\/uploads\/2023\/03\/sophie-jelger-decoratrice-dinterieur-engagee-et-coloriste-1024x576.png 1024w, https:\/\/www.sophiejelger.fr\/wp-content\/uploads\/2023\/03\/sophie-jelger-decoratrice-dinterieur-engagee-et-coloriste-300x169.png 300w, https:\/\/www.sophiejelger.fr\/wp-content\/uploads\/2023\/03\/sophie-jelger-decoratrice-dinterieur-engagee-et-coloriste-768x432.png 768w, https:\/\/www.sophiejelger.fr\/wp-content\/uploads\/2023\/03\/sophie-jelger-decoratrice-dinterieur-engagee-et-coloriste.png 1366w\" sizes=\"auto, (max-width: 1024px) 100vw, 1024px\" \/><button\n\t\t\tclass=\"lightbox-trigger\"\n\t\t\ttype=\"button\"\n\t\t\taria-haspopup=\"dialog\"\n\t\t\taria-label=\"Agrandir\"\n\t\t\tdata-wp-init=\"callbacks.initTriggerButton\"\n\t\t\tdata-wp-on--click=\"actions.showLightbox\"\n\t\t\tdata-wp-style--right=\"state.imageButtonRight\"\n\t\t\tdata-wp-style--top=\"state.imageButtonTop\"\n\t\t>\n\t\t\t<svg xmlns=\"http:\/\/www.w3.org\/2000\/svg\" width=\"12\" height=\"12\" fill=\"none\" viewBox=\"0 0 12 12\">\n\t\t\t\t<path fill=\"#fff\" d=\"M2 0a2 2 0 0 0-2 2v2h1.5V2a.5.5 0 0 1 .5-.5h2V0H2Zm2 10.5H2a.5.5 0 0 1-.5-.5V8H0v2a2 2 0 0 0 2 2h2v-1.5ZM8 12v-1.5h2a.5.5 0 0 0 .5-.5V8H12v2a2 2 0 0 1-2 2H8Zm2-12a2 2 0 0 1 2 2v2h-1.5V2a.5.5 0 0 0-.5-.5H8V0h2Z\" \/>\n\t\t\t<\/svg>\n\t\t<\/button><\/figure>\n<\/figure>\n\n\n\n<p class=\"has-text-color has-link-color wp-elements-22b940793fcc724536bd65c0cc389118\" style=\"color:#22394d\"><br>Si vous vous posez ces questions :<br>&#8211; Comment oser la couleur sans se tromper ? <br>&#8211; Comment transformer un lieu sans tout refaire ?<br>&#8211; Comment donner une identit\u00e9 forte \u00e0 votre maison, votre g\u00eete ou votre espace professionnel ?<br><br>Venez avec vos plans, vos photos ou simplement vos id\u00e9es. Nous pourrons \u00e9changer concr\u00e8tement sur votre projet.<\/p>\n\n\n\n<h3 class=\"wp-block-heading has-text-color has-link-color wp-elements-0caaa6319640b5b44baf473c1cd92ccc\" style=\"color:#294862\">UNE DERNI\u00c8RE CHOSE<\/h3>\n\n\n\n<p class=\"has-text-color has-link-color wp-elements-cff8c2870df93bb706a970b0a18b4d7f\" style=\"color:#294862\">La couleur n\u2019est jamais anodine. C\u2019est une d\u00e9cision qui structure un lieu et influence la mani\u00e8re dont on l\u2019habite, dont on y travaille\u2026 et dont on s\u2019y sent.<br><br>Vous pouvez <a href=\"https:\/\/www.sophiejelger.fr\/index.php\/contact\/\" target=\"_blank\" rel=\"noreferrer noopener\"><strong>me contacter<\/strong><\/a> d\u00e8s maintenant pour une <strong>visite conseil<\/strong>, un <strong>coaching d\u00e9co<\/strong> (\u00e9galement \u00e0 distance), une <strong>\u00e9tude chromatique<\/strong> strat\u00e9gique, un <strong>projet de r\u00e9am\u00e9nagement durable<\/strong> ou rencontrons-nous lors du Salon \u00c9nergie Habitat \u00e0 Colmar.<br><br>Une strat\u00e9gie couleur bien pens\u00e9e peut transformer un espace sans gros travaux, en r\u00e9v\u00e9lant simplement ce qui est d\u00e9j\u00e0 l\u00e0.<br>Votre int\u00e9rieur m\u00e9rite mieux qu\u2019une accumulation d\u2019id\u00e9es. Il m\u00e9rite une vision.<\/p>\n","protected":false},"excerpt":{"rendered":"<p>LE R\u00d4LE CL\u00c9 DE LA COULEUR DANS L&rsquo;HARMONIE D&rsquo;UN INT\u00c9RIEUR Vous avez chang\u00e9, votre int\u00e9rieur lui, est rest\u00e9 fig\u00e9. Maison, appartement, g\u00eete, bureau, commerce\u2026 Quelque chose ne fonctionne plus vraiment, sans savoir exactement pourquoi. Vous h\u00e9sitez \u00e0 refaire, vous accumulez des id\u00e9es, vous repoussez les d\u00e9cisions, vous avez peut-\u00eatre d\u00e9j\u00e0 essay\u00e9 (changer un meuble, repeindre [&hellip;]<\/p>\n","protected":false},"author":1,"featured_media":2334,"comment_status":"closed","ping_status":"open","sticky":false,"template":"","format":"standard","meta":{"footnotes":""},"categories":[42,10],"tags":[13,16],"class_list":["post-2797","post","type-post","status-publish","format-standard","has-post-thumbnail","hentry","category-couleurs","category-decoration-eco-responsable","tag-couleurs","tag-decoration-dinterieur"],"_links":{"self":[{"href":"https:\/\/www.sophiejelger.fr\/index.php\/wp-json\/wp\/v2\/posts\/2797","targetHints":{"allow":["GET"]}}],"collection":[{"href":"https:\/\/www.sophiejelger.fr\/index.php\/wp-json\/wp\/v2\/posts"}],"about":[{"href":"https:\/\/www.sophiejelger.fr\/index.php\/wp-json\/wp\/v2\/types\/post"}],"author":[{"embeddable":true,"href":"https:\/\/www.sophiejelger.fr\/index.php\/wp-json\/wp\/v2\/users\/1"}],"replies":[{"embeddable":true,"href":"https:\/\/www.sophiejelger.fr\/index.php\/wp-json\/wp\/v2\/comments?post=2797"}],"version-history":[{"count":40,"href":"https:\/\/www.sophiejelger.fr\/index.php\/wp-json\/wp\/v2\/posts\/2797\/revisions"}],"predecessor-version":[{"id":3115,"href":"https:\/\/www.sophiejelger.fr\/index.php\/wp-json\/wp\/v2\/posts\/2797\/revisions\/3115"}],"wp:featuredmedia":[{"embeddable":true,"href":"https:\/\/www.sophiejelger.fr\/index.php\/wp-json\/wp\/v2\/media\/2334"}],"wp:attachment":[{"href":"https:\/\/www.sophiejelger.fr\/index.php\/wp-json\/wp\/v2\/media?parent=2797"}],"wp:term":[{"taxonomy":"category","embeddable":true,"href":"https:\/\/www.sophiejelger.fr\/index.php\/wp-json\/wp\/v2\/categories?post=2797"},{"taxonomy":"post_tag","embeddable":true,"href":"https:\/\/www.sophiejelger.fr\/index.php\/wp-json\/wp\/v2\/tags?post=2797"}],"curies":[{"name":"wp","href":"https:\/\/api.w.org\/{rel}","templated":true}]}}