{"id":2681,"date":"2025-12-08T17:19:40","date_gmt":"2025-12-08T16:19:40","guid":{"rendered":"https:\/\/www.sophiejelger.fr\/?p=2681"},"modified":"2025-12-08T17:29:41","modified_gmt":"2025-12-08T16:29:41","slug":"le-marche-des-talents-inspires-un-week-end-lumineux-entre-decoration-couleurs-et-createurs-engages","status":"publish","type":"post","link":"https:\/\/www.sophiejelger.fr\/index.php\/08\/12\/2025\/le-marche-des-talents-inspires-un-week-end-lumineux-entre-decoration-couleurs-et-createurs-engages\/","title":{"rendered":"Le march\u00e9 des Talents Inspir\u00e9s : un week-end lumineux entre d\u00e9coration, couleurs et cr\u00e9ateurs engag\u00e9s"},"content":{"rendered":"\n<p>Le week-end du 22 et 23 novembre 2025 a marqu\u00e9 une jolie \u00e9tape dans mon parcours\u2026 Ma toute premi\u00e8re participation au <strong><a href=\"https:\/\/www.lalsace.fr\/culture-loisirs\/2025\/11\/22\/des-talents-inspires-ce-week-end-aux-dominicains\" target=\"_blank\" rel=\"noreferrer noopener\">March\u00e9 des Talents Inspir\u00e9s \u2013 \u00c9dition de No\u00ebl<\/a><\/strong>, au magnifique couvent des Dominicains de Guebwiller. Le march\u00e9 des talents inspir\u00e9s est devenu un rendez-vous incontournable pour tous ceux qui aiment l\u2019artisanat local, la cr\u00e9ation durable et les objets charg\u00e9s de sens. <br>Y participer en tant que d\u00e9coratrice d\u2019int\u00e9rieur \u00e9co-responsable et coloriste, c\u2019\u00e9tait plus qu\u2019un simple \u00e9v\u00e9nement. Une immersion dans un lieu vibrant, entour\u00e9e de cr\u00e9ateurs passionn\u00e9s et de visiteurs curieux, avec un stand imagin\u00e9 comme un v\u00e9ritable espace de vie : chaleureux, sensible et engag\u00e9.<\/p>\n\n\n\n<figure class=\"wp-block-gallery has-nested-images columns-5 is-cropped wp-block-gallery-1 is-layout-flex wp-block-gallery-is-layout-flex\">\n<figure data-wp-context=\"{&quot;imageId&quot;:&quot;69f276a20559e&quot;}\" data-wp-interactive=\"core\/image\" data-wp-key=\"69f276a20559e\" class=\"wp-block-image size-large wp-lightbox-container\"><img loading=\"lazy\" decoding=\"async\" width=\"819\" height=\"1024\" data-wp-class--hide=\"state.isContentHidden\" data-wp-class--show=\"state.isContentVisible\" data-wp-init=\"callbacks.setButtonStyles\" data-wp-on--click=\"actions.showLightbox\" data-wp-on--load=\"callbacks.setButtonStyles\" data-wp-on-window--resize=\"callbacks.setButtonStyles\" data-id=\"2690\" src=\"https:\/\/www.sophiejelger.fr\/wp-content\/uploads\/2025\/12\/Publication-Instagram-marche-des-talents-819x1024.png\" alt=\"\" class=\"wp-image-2690\" srcset=\"https:\/\/www.sophiejelger.fr\/wp-content\/uploads\/2025\/12\/Publication-Instagram-marche-des-talents-819x1024.png 819w, https:\/\/www.sophiejelger.fr\/wp-content\/uploads\/2025\/12\/Publication-Instagram-marche-des-talents-240x300.png 240w, https:\/\/www.sophiejelger.fr\/wp-content\/uploads\/2025\/12\/Publication-Instagram-marche-des-talents-768x960.png 768w, https:\/\/www.sophiejelger.fr\/wp-content\/uploads\/2025\/12\/Publication-Instagram-marche-des-talents.png 1080w\" sizes=\"auto, (max-width: 819px) 100vw, 819px\" \/><button\n\t\t\tclass=\"lightbox-trigger\"\n\t\t\ttype=\"button\"\n\t\t\taria-haspopup=\"dialog\"\n\t\t\taria-label=\"Agrandir\"\n\t\t\tdata-wp-init=\"callbacks.initTriggerButton\"\n\t\t\tdata-wp-on--click=\"actions.showLightbox\"\n\t\t\tdata-wp-style--right=\"state.imageButtonRight\"\n\t\t\tdata-wp-style--top=\"state.imageButtonTop\"\n\t\t>\n\t\t\t<svg xmlns=\"http:\/\/www.w3.org\/2000\/svg\" width=\"12\" height=\"12\" fill=\"none\" viewBox=\"0 0 12 12\">\n\t\t\t\t<path fill=\"#fff\" d=\"M2 0a2 2 0 0 0-2 2v2h1.5V2a.5.5 0 0 1 .5-.5h2V0H2Zm2 10.5H2a.5.5 0 0 1-.5-.5V8H0v2a2 2 0 0 0 2 2h2v-1.5ZM8 12v-1.5h2a.5.5 0 0 0 .5-.5V8H12v2a2 2 0 0 1-2 2H8Zm2-12a2 2 0 0 1 2 2v2h-1.5V2a.5.5 0 0 0-.5-.5H8V0h2Z\" \/>\n\t\t\t<\/svg>\n\t\t<\/button><\/figure>\n\n\n\n<figure data-wp-context=\"{&quot;imageId&quot;:&quot;69f276a205978&quot;}\" data-wp-interactive=\"core\/image\" data-wp-key=\"69f276a205978\" class=\"wp-block-image size-large wp-lightbox-container\"><img loading=\"lazy\" decoding=\"async\" width=\"1920\" height=\"2560\" data-wp-class--hide=\"state.isContentHidden\" data-wp-class--show=\"state.isContentVisible\" data-wp-init=\"callbacks.setButtonStyles\" data-wp-on--click=\"actions.showLightbox\" data-wp-on--load=\"callbacks.setButtonStyles\" data-wp-on-window--resize=\"callbacks.setButtonStyles\" data-id=\"2704\" src=\"https:\/\/www.sophiejelger.fr\/wp-content\/uploads\/2025\/12\/couvent-dominicains-exterieur-scaled.jpg\" alt=\"\" class=\"wp-image-2704\" srcset=\"https:\/\/www.sophiejelger.fr\/wp-content\/uploads\/2025\/12\/couvent-dominicains-exterieur-scaled.jpg 1920w, https:\/\/www.sophiejelger.fr\/wp-content\/uploads\/2025\/12\/couvent-dominicains-exterieur-225x300.jpg 225w\" sizes=\"auto, (max-width: 1920px) 100vw, 1920px\" \/><button\n\t\t\tclass=\"lightbox-trigger\"\n\t\t\ttype=\"button\"\n\t\t\taria-haspopup=\"dialog\"\n\t\t\taria-label=\"Agrandir\"\n\t\t\tdata-wp-init=\"callbacks.initTriggerButton\"\n\t\t\tdata-wp-on--click=\"actions.showLightbox\"\n\t\t\tdata-wp-style--right=\"state.imageButtonRight\"\n\t\t\tdata-wp-style--top=\"state.imageButtonTop\"\n\t\t>\n\t\t\t<svg xmlns=\"http:\/\/www.w3.org\/2000\/svg\" width=\"12\" height=\"12\" fill=\"none\" viewBox=\"0 0 12 12\">\n\t\t\t\t<path fill=\"#fff\" d=\"M2 0a2 2 0 0 0-2 2v2h1.5V2a.5.5 0 0 1 .5-.5h2V0H2Zm2 10.5H2a.5.5 0 0 1-.5-.5V8H0v2a2 2 0 0 0 2 2h2v-1.5ZM8 12v-1.5h2a.5.5 0 0 0 .5-.5V8H12v2a2 2 0 0 1-2 2H8Zm2-12a2 2 0 0 1 2 2v2h-1.5V2a.5.5 0 0 0-.5-.5H8V0h2Z\" \/>\n\t\t\t<\/svg>\n\t\t<\/button><\/figure>\n\n\n\n<figure data-wp-context=\"{&quot;imageId&quot;:&quot;69f276a205d91&quot;}\" data-wp-interactive=\"core\/image\" data-wp-key=\"69f276a205d91\" class=\"wp-block-image size-large wp-lightbox-container\"><img loading=\"lazy\" decoding=\"async\" width=\"1024\" height=\"576\" data-wp-class--hide=\"state.isContentHidden\" data-wp-class--show=\"state.isContentVisible\" data-wp-init=\"callbacks.setButtonStyles\" data-wp-on--click=\"actions.showLightbox\" data-wp-on--load=\"callbacks.setButtonStyles\" data-wp-on-window--resize=\"callbacks.setButtonStyles\" data-id=\"2696\" src=\"https:\/\/www.sophiejelger.fr\/wp-content\/uploads\/2025\/12\/couvent-dominicains-cloitre--1024x576.jpeg\" alt=\"\" class=\"wp-image-2696\" srcset=\"https:\/\/www.sophiejelger.fr\/wp-content\/uploads\/2025\/12\/couvent-dominicains-cloitre--1024x576.jpeg 1024w, https:\/\/www.sophiejelger.fr\/wp-content\/uploads\/2025\/12\/couvent-dominicains-cloitre--300x169.jpeg 300w, https:\/\/www.sophiejelger.fr\/wp-content\/uploads\/2025\/12\/couvent-dominicains-cloitre--768x432.jpeg 768w, https:\/\/www.sophiejelger.fr\/wp-content\/uploads\/2025\/12\/couvent-dominicains-cloitre--1536x864.jpeg 1536w, https:\/\/www.sophiejelger.fr\/wp-content\/uploads\/2025\/12\/couvent-dominicains-cloitre--2048x1152.jpeg 2048w\" sizes=\"auto, (max-width: 1024px) 100vw, 1024px\" \/><button\n\t\t\tclass=\"lightbox-trigger\"\n\t\t\ttype=\"button\"\n\t\t\taria-haspopup=\"dialog\"\n\t\t\taria-label=\"Agrandir\"\n\t\t\tdata-wp-init=\"callbacks.initTriggerButton\"\n\t\t\tdata-wp-on--click=\"actions.showLightbox\"\n\t\t\tdata-wp-style--right=\"state.imageButtonRight\"\n\t\t\tdata-wp-style--top=\"state.imageButtonTop\"\n\t\t>\n\t\t\t<svg xmlns=\"http:\/\/www.w3.org\/2000\/svg\" width=\"12\" height=\"12\" fill=\"none\" viewBox=\"0 0 12 12\">\n\t\t\t\t<path fill=\"#fff\" d=\"M2 0a2 2 0 0 0-2 2v2h1.5V2a.5.5 0 0 1 .5-.5h2V0H2Zm2 10.5H2a.5.5 0 0 1-.5-.5V8H0v2a2 2 0 0 0 2 2h2v-1.5ZM8 12v-1.5h2a.5.5 0 0 0 .5-.5V8H12v2a2 2 0 0 1-2 2H8Zm2-12a2 2 0 0 1 2 2v2h-1.5V2a.5.5 0 0 0-.5-.5H8V0h2Z\" \/>\n\t\t\t<\/svg>\n\t\t<\/button><\/figure>\n\n\n\n<figure data-wp-context=\"{&quot;imageId&quot;:&quot;69f276a20618a&quot;}\" data-wp-interactive=\"core\/image\" data-wp-key=\"69f276a20618a\" class=\"wp-block-image size-large wp-lightbox-container\"><img loading=\"lazy\" decoding=\"async\" width=\"768\" height=\"1024\" data-wp-class--hide=\"state.isContentHidden\" data-wp-class--show=\"state.isContentVisible\" data-wp-init=\"callbacks.setButtonStyles\" data-wp-on--click=\"actions.showLightbox\" data-wp-on--load=\"callbacks.setButtonStyles\" data-wp-on-window--resize=\"callbacks.setButtonStyles\" data-id=\"2702\" src=\"https:\/\/www.sophiejelger.fr\/wp-content\/uploads\/2025\/12\/allee-nef-dominicains-marche-talents-inspires-768x1024.jpg\" alt=\"\" class=\"wp-image-2702\" srcset=\"https:\/\/www.sophiejelger.fr\/wp-content\/uploads\/2025\/12\/allee-nef-dominicains-marche-talents-inspires-768x1024.jpg 768w, https:\/\/www.sophiejelger.fr\/wp-content\/uploads\/2025\/12\/allee-nef-dominicains-marche-talents-inspires-225x300.jpg 225w, https:\/\/www.sophiejelger.fr\/wp-content\/uploads\/2025\/12\/allee-nef-dominicains-marche-talents-inspires-1152x1536.jpg 1152w, https:\/\/www.sophiejelger.fr\/wp-content\/uploads\/2025\/12\/allee-nef-dominicains-marche-talents-inspires-1536x2048.jpg 1536w, https:\/\/www.sophiejelger.fr\/wp-content\/uploads\/2025\/12\/allee-nef-dominicains-marche-talents-inspires-scaled.jpg 1920w\" sizes=\"auto, (max-width: 768px) 100vw, 768px\" \/><button\n\t\t\tclass=\"lightbox-trigger\"\n\t\t\ttype=\"button\"\n\t\t\taria-haspopup=\"dialog\"\n\t\t\taria-label=\"Agrandir\"\n\t\t\tdata-wp-init=\"callbacks.initTriggerButton\"\n\t\t\tdata-wp-on--click=\"actions.showLightbox\"\n\t\t\tdata-wp-style--right=\"state.imageButtonRight\"\n\t\t\tdata-wp-style--top=\"state.imageButtonTop\"\n\t\t>\n\t\t\t<svg xmlns=\"http:\/\/www.w3.org\/2000\/svg\" width=\"12\" height=\"12\" fill=\"none\" viewBox=\"0 0 12 12\">\n\t\t\t\t<path fill=\"#fff\" d=\"M2 0a2 2 0 0 0-2 2v2h1.5V2a.5.5 0 0 1 .5-.5h2V0H2Zm2 10.5H2a.5.5 0 0 1-.5-.5V8H0v2a2 2 0 0 0 2 2h2v-1.5ZM8 12v-1.5h2a.5.5 0 0 0 .5-.5V8H12v2a2 2 0 0 1-2 2H8Zm2-12a2 2 0 0 1 2 2v2h-1.5V2a.5.5 0 0 0-.5-.5H8V0h2Z\" \/>\n\t\t\t<\/svg>\n\t\t<\/button><\/figure>\n\n\n\n<figure data-wp-context=\"{&quot;imageId&quot;:&quot;69f276a2064c8&quot;}\" data-wp-interactive=\"core\/image\" data-wp-key=\"69f276a2064c8\" class=\"wp-block-image size-full wp-lightbox-container\"><img loading=\"lazy\" decoding=\"async\" width=\"1920\" height=\"2560\" data-wp-class--hide=\"state.isContentHidden\" data-wp-class--show=\"state.isContentVisible\" data-wp-init=\"callbacks.setButtonStyles\" data-wp-on--click=\"actions.showLightbox\" data-wp-on--load=\"callbacks.setButtonStyles\" data-wp-on-window--resize=\"callbacks.setButtonStyles\" data-id=\"2708\" src=\"https:\/\/www.sophiejelger.fr\/wp-content\/uploads\/2025\/12\/stand-sophie-jelger-couvent-des-dominicains-scaled.jpg\" alt=\"\" class=\"wp-image-2708\" srcset=\"https:\/\/www.sophiejelger.fr\/wp-content\/uploads\/2025\/12\/stand-sophie-jelger-couvent-des-dominicains-scaled.jpg 1920w, https:\/\/www.sophiejelger.fr\/wp-content\/uploads\/2025\/12\/stand-sophie-jelger-couvent-des-dominicains-225x300.jpg 225w, https:\/\/www.sophiejelger.fr\/wp-content\/uploads\/2025\/12\/stand-sophie-jelger-couvent-des-dominicains-768x1024.jpg 768w, https:\/\/www.sophiejelger.fr\/wp-content\/uploads\/2025\/12\/stand-sophie-jelger-couvent-des-dominicains-1152x1536.jpg 1152w, https:\/\/www.sophiejelger.fr\/wp-content\/uploads\/2025\/12\/stand-sophie-jelger-couvent-des-dominicains-1536x2048.jpg 1536w\" sizes=\"auto, (max-width: 1920px) 100vw, 1920px\" \/><button\n\t\t\tclass=\"lightbox-trigger\"\n\t\t\ttype=\"button\"\n\t\t\taria-haspopup=\"dialog\"\n\t\t\taria-label=\"Agrandir\"\n\t\t\tdata-wp-init=\"callbacks.initTriggerButton\"\n\t\t\tdata-wp-on--click=\"actions.showLightbox\"\n\t\t\tdata-wp-style--right=\"state.imageButtonRight\"\n\t\t\tdata-wp-style--top=\"state.imageButtonTop\"\n\t\t>\n\t\t\t<svg xmlns=\"http:\/\/www.w3.org\/2000\/svg\" width=\"12\" height=\"12\" fill=\"none\" viewBox=\"0 0 12 12\">\n\t\t\t\t<path fill=\"#fff\" d=\"M2 0a2 2 0 0 0-2 2v2h1.5V2a.5.5 0 0 1 .5-.5h2V0H2Zm2 10.5H2a.5.5 0 0 1-.5-.5V8H0v2a2 2 0 0 0 2 2h2v-1.5ZM8 12v-1.5h2a.5.5 0 0 0 .5-.5V8H12v2a2 2 0 0 1-2 2H8Zm2-12a2 2 0 0 1 2 2v2h-1.5V2a.5.5 0 0 0-.5-.5H8V0h2Z\" \/>\n\t\t\t<\/svg>\n\t\t<\/button><\/figure>\n<\/figure>\n\n\n\n<h2 class=\"wp-block-heading\"><br><strong>Cr\u00e9er un stand comme on imagine un int\u00e9rieur : couleurs, \u00e9motions et durabilit\u00e9<\/strong><\/h2>\n\n\n\n<p>Composer mon stand pour l\u2019\u00e9v\u00e9nement, c\u2019\u00e9tait un peu comme imaginer un cocon \u00e9ph\u00e9m\u00e8re. Un espace o\u00f9 couleurs, mati\u00e8res et lumi\u00e8re racontent d\u00e9j\u00e0 une histoire. Et pour cela, j\u2019ai choisi :<br>&#8211; des teintes douces, s\u00e9lectionn\u00e9es avec mon regard de <a href=\"https:\/\/www.sophiejelger.fr\/index.php\/coloriste-decoratrice\/\" target=\"_blank\" rel=\"noreferrer noopener\">coloriste<\/a>,<br>&#8211; des mati\u00e8res naturelles, fid\u00e8les \u00e0 mon <a href=\"https:\/\/www.sophiejelger.fr\/index.php\/decoration-eco-responsable\/\" target=\"_blank\" rel=\"noreferrer noopener\">engagement \u00e9co-responsable<\/a>,<br>&#8211; une ambiance simple, chaleureuse et intime, \u00e0 l\u2019image de ce que j\u2019aime cr\u00e9er chez mes clients.<br>Mon intention : que chaque visiteur ressente imm\u00e9diatement l\u2019essence de mon travail, ce suppl\u00e9ment d\u2019\u00e2me que j\u2019aime r\u00e9v\u00e9ler dans les espaces.<\/p>\n\n\n\n<figure class=\"wp-block-gallery has-nested-images columns-5 is-cropped wp-block-gallery-2 is-layout-flex wp-block-gallery-is-layout-flex\">\n<figure data-wp-context=\"{&quot;imageId&quot;:&quot;69f276a2073b5&quot;}\" data-wp-interactive=\"core\/image\" data-wp-key=\"69f276a2073b5\" class=\"wp-block-image size-large wp-lightbox-container\"><img loading=\"lazy\" decoding=\"async\" width=\"1024\" height=\"768\" data-wp-class--hide=\"state.isContentHidden\" data-wp-class--show=\"state.isContentVisible\" data-wp-init=\"callbacks.setButtonStyles\" data-wp-on--click=\"actions.showLightbox\" data-wp-on--load=\"callbacks.setButtonStyles\" data-wp-on-window--resize=\"callbacks.setButtonStyles\" data-id=\"2692\" src=\"https:\/\/www.sophiejelger.fr\/wp-content\/uploads\/2025\/12\/marche-talents-inspires-sophie-jelger-1024x768.jpg\" alt=\"\" class=\"wp-image-2692\" srcset=\"https:\/\/www.sophiejelger.fr\/wp-content\/uploads\/2025\/12\/marche-talents-inspires-sophie-jelger-1024x768.jpg 1024w, https:\/\/www.sophiejelger.fr\/wp-content\/uploads\/2025\/12\/marche-talents-inspires-sophie-jelger-300x225.jpg 300w, https:\/\/www.sophiejelger.fr\/wp-content\/uploads\/2025\/12\/marche-talents-inspires-sophie-jelger-768x576.jpg 768w, https:\/\/www.sophiejelger.fr\/wp-content\/uploads\/2025\/12\/marche-talents-inspires-sophie-jelger.jpg 1280w\" sizes=\"auto, (max-width: 1024px) 100vw, 1024px\" \/><button\n\t\t\tclass=\"lightbox-trigger\"\n\t\t\ttype=\"button\"\n\t\t\taria-haspopup=\"dialog\"\n\t\t\taria-label=\"Agrandir\"\n\t\t\tdata-wp-init=\"callbacks.initTriggerButton\"\n\t\t\tdata-wp-on--click=\"actions.showLightbox\"\n\t\t\tdata-wp-style--right=\"state.imageButtonRight\"\n\t\t\tdata-wp-style--top=\"state.imageButtonTop\"\n\t\t>\n\t\t\t<svg xmlns=\"http:\/\/www.w3.org\/2000\/svg\" width=\"12\" height=\"12\" fill=\"none\" viewBox=\"0 0 12 12\">\n\t\t\t\t<path fill=\"#fff\" d=\"M2 0a2 2 0 0 0-2 2v2h1.5V2a.5.5 0 0 1 .5-.5h2V0H2Zm2 10.5H2a.5.5 0 0 1-.5-.5V8H0v2a2 2 0 0 0 2 2h2v-1.5ZM8 12v-1.5h2a.5.5 0 0 0 .5-.5V8H12v2a2 2 0 0 1-2 2H8Zm2-12a2 2 0 0 1 2 2v2h-1.5V2a.5.5 0 0 0-.5-.5H8V0h2Z\" \/>\n\t\t\t<\/svg>\n\t\t<\/button><\/figure>\n\n\n\n<figure data-wp-context=\"{&quot;imageId&quot;:&quot;69f276a207a09&quot;}\" data-wp-interactive=\"core\/image\" data-wp-key=\"69f276a207a09\" class=\"wp-block-image size-large wp-lightbox-container\"><img loading=\"lazy\" decoding=\"async\" width=\"768\" height=\"1024\" data-wp-class--hide=\"state.isContentHidden\" data-wp-class--show=\"state.isContentVisible\" data-wp-init=\"callbacks.setButtonStyles\" data-wp-on--click=\"actions.showLightbox\" data-wp-on--load=\"callbacks.setButtonStyles\" data-wp-on-window--resize=\"callbacks.setButtonStyles\" data-id=\"2697\" src=\"https:\/\/www.sophiejelger.fr\/wp-content\/uploads\/2025\/12\/echantillons-sophie-jelger-768x1024.jpg\" alt=\"\" class=\"wp-image-2697\" srcset=\"https:\/\/www.sophiejelger.fr\/wp-content\/uploads\/2025\/12\/echantillons-sophie-jelger-768x1024.jpg 768w, https:\/\/www.sophiejelger.fr\/wp-content\/uploads\/2025\/12\/echantillons-sophie-jelger-225x300.jpg 225w, https:\/\/www.sophiejelger.fr\/wp-content\/uploads\/2025\/12\/echantillons-sophie-jelger-1152x1536.jpg 1152w, https:\/\/www.sophiejelger.fr\/wp-content\/uploads\/2025\/12\/echantillons-sophie-jelger-1536x2048.jpg 1536w, https:\/\/www.sophiejelger.fr\/wp-content\/uploads\/2025\/12\/echantillons-sophie-jelger-scaled.jpg 1920w\" sizes=\"auto, (max-width: 768px) 100vw, 768px\" \/><button\n\t\t\tclass=\"lightbox-trigger\"\n\t\t\ttype=\"button\"\n\t\t\taria-haspopup=\"dialog\"\n\t\t\taria-label=\"Agrandir\"\n\t\t\tdata-wp-init=\"callbacks.initTriggerButton\"\n\t\t\tdata-wp-on--click=\"actions.showLightbox\"\n\t\t\tdata-wp-style--right=\"state.imageButtonRight\"\n\t\t\tdata-wp-style--top=\"state.imageButtonTop\"\n\t\t>\n\t\t\t<svg xmlns=\"http:\/\/www.w3.org\/2000\/svg\" width=\"12\" height=\"12\" fill=\"none\" viewBox=\"0 0 12 12\">\n\t\t\t\t<path fill=\"#fff\" d=\"M2 0a2 2 0 0 0-2 2v2h1.5V2a.5.5 0 0 1 .5-.5h2V0H2Zm2 10.5H2a.5.5 0 0 1-.5-.5V8H0v2a2 2 0 0 0 2 2h2v-1.5ZM8 12v-1.5h2a.5.5 0 0 0 .5-.5V8H12v2a2 2 0 0 1-2 2H8Zm2-12a2 2 0 0 1 2 2v2h-1.5V2a.5.5 0 0 0-.5-.5H8V0h2Z\" \/>\n\t\t\t<\/svg>\n\t\t<\/button><\/figure>\n\n\n\n<figure data-wp-context=\"{&quot;imageId&quot;:&quot;69f276a2080b5&quot;}\" data-wp-interactive=\"core\/image\" data-wp-key=\"69f276a2080b5\" class=\"wp-block-image size-large wp-lightbox-container\"><img loading=\"lazy\" decoding=\"async\" width=\"768\" height=\"1024\" data-wp-class--hide=\"state.isContentHidden\" data-wp-class--show=\"state.isContentVisible\" data-wp-init=\"callbacks.setButtonStyles\" data-wp-on--click=\"actions.showLightbox\" data-wp-on--load=\"callbacks.setButtonStyles\" data-wp-on-window--resize=\"callbacks.setButtonStyles\" data-id=\"2707\" src=\"https:\/\/www.sophiejelger.fr\/wp-content\/uploads\/2025\/12\/miroir-deco-sophie-jelger-768x1024.jpg\" alt=\"\" class=\"wp-image-2707\" srcset=\"https:\/\/www.sophiejelger.fr\/wp-content\/uploads\/2025\/12\/miroir-deco-sophie-jelger-768x1024.jpg 768w, https:\/\/www.sophiejelger.fr\/wp-content\/uploads\/2025\/12\/miroir-deco-sophie-jelger-225x300.jpg 225w, https:\/\/www.sophiejelger.fr\/wp-content\/uploads\/2025\/12\/miroir-deco-sophie-jelger-1152x1536.jpg 1152w, https:\/\/www.sophiejelger.fr\/wp-content\/uploads\/2025\/12\/miroir-deco-sophie-jelger-1536x2048.jpg 1536w, https:\/\/www.sophiejelger.fr\/wp-content\/uploads\/2025\/12\/miroir-deco-sophie-jelger-scaled.jpg 1920w\" sizes=\"auto, (max-width: 768px) 100vw, 768px\" \/><button\n\t\t\tclass=\"lightbox-trigger\"\n\t\t\ttype=\"button\"\n\t\t\taria-haspopup=\"dialog\"\n\t\t\taria-label=\"Agrandir\"\n\t\t\tdata-wp-init=\"callbacks.initTriggerButton\"\n\t\t\tdata-wp-on--click=\"actions.showLightbox\"\n\t\t\tdata-wp-style--right=\"state.imageButtonRight\"\n\t\t\tdata-wp-style--top=\"state.imageButtonTop\"\n\t\t>\n\t\t\t<svg xmlns=\"http:\/\/www.w3.org\/2000\/svg\" width=\"12\" height=\"12\" fill=\"none\" viewBox=\"0 0 12 12\">\n\t\t\t\t<path fill=\"#fff\" d=\"M2 0a2 2 0 0 0-2 2v2h1.5V2a.5.5 0 0 1 .5-.5h2V0H2Zm2 10.5H2a.5.5 0 0 1-.5-.5V8H0v2a2 2 0 0 0 2 2h2v-1.5ZM8 12v-1.5h2a.5.5 0 0 0 .5-.5V8H12v2a2 2 0 0 1-2 2H8Zm2-12a2 2 0 0 1 2 2v2h-1.5V2a.5.5 0 0 0-.5-.5H8V0h2Z\" \/>\n\t\t\t<\/svg>\n\t\t<\/button><\/figure>\n\n\n\n<figure data-wp-context=\"{&quot;imageId&quot;:&quot;69f276a2083f6&quot;}\" data-wp-interactive=\"core\/image\" data-wp-key=\"69f276a2083f6\" class=\"wp-block-image size-large wp-lightbox-container\"><img loading=\"lazy\" decoding=\"async\" width=\"768\" height=\"1024\" data-wp-class--hide=\"state.isContentHidden\" data-wp-class--show=\"state.isContentVisible\" data-wp-init=\"callbacks.setButtonStyles\" data-wp-on--click=\"actions.showLightbox\" data-wp-on--load=\"callbacks.setButtonStyles\" data-wp-on-window--resize=\"callbacks.setButtonStyles\" data-id=\"2701\" src=\"https:\/\/www.sophiejelger.fr\/wp-content\/uploads\/2025\/12\/echantillons-bis-sophie-jelger-768x1024.jpg\" alt=\"\" class=\"wp-image-2701\" srcset=\"https:\/\/www.sophiejelger.fr\/wp-content\/uploads\/2025\/12\/echantillons-bis-sophie-jelger-768x1024.jpg 768w, https:\/\/www.sophiejelger.fr\/wp-content\/uploads\/2025\/12\/echantillons-bis-sophie-jelger-225x300.jpg 225w, https:\/\/www.sophiejelger.fr\/wp-content\/uploads\/2025\/12\/echantillons-bis-sophie-jelger-1152x1536.jpg 1152w, https:\/\/www.sophiejelger.fr\/wp-content\/uploads\/2025\/12\/echantillons-bis-sophie-jelger-1536x2048.jpg 1536w, https:\/\/www.sophiejelger.fr\/wp-content\/uploads\/2025\/12\/echantillons-bis-sophie-jelger-scaled.jpg 1920w\" sizes=\"auto, (max-width: 768px) 100vw, 768px\" \/><button\n\t\t\tclass=\"lightbox-trigger\"\n\t\t\ttype=\"button\"\n\t\t\taria-haspopup=\"dialog\"\n\t\t\taria-label=\"Agrandir\"\n\t\t\tdata-wp-init=\"callbacks.initTriggerButton\"\n\t\t\tdata-wp-on--click=\"actions.showLightbox\"\n\t\t\tdata-wp-style--right=\"state.imageButtonRight\"\n\t\t\tdata-wp-style--top=\"state.imageButtonTop\"\n\t\t>\n\t\t\t<svg xmlns=\"http:\/\/www.w3.org\/2000\/svg\" width=\"12\" height=\"12\" fill=\"none\" viewBox=\"0 0 12 12\">\n\t\t\t\t<path fill=\"#fff\" d=\"M2 0a2 2 0 0 0-2 2v2h1.5V2a.5.5 0 0 1 .5-.5h2V0H2Zm2 10.5H2a.5.5 0 0 1-.5-.5V8H0v2a2 2 0 0 0 2 2h2v-1.5ZM8 12v-1.5h2a.5.5 0 0 0 .5-.5V8H12v2a2 2 0 0 1-2 2H8Zm2-12a2 2 0 0 1 2 2v2h-1.5V2a.5.5 0 0 0-.5-.5H8V0h2Z\" \/>\n\t\t\t<\/svg>\n\t\t<\/button><\/figure>\n\n\n\n<figure data-wp-context=\"{&quot;imageId&quot;:&quot;69f276a208701&quot;}\" data-wp-interactive=\"core\/image\" data-wp-key=\"69f276a208701\" class=\"wp-block-image size-large wp-lightbox-container\"><img loading=\"lazy\" decoding=\"async\" width=\"768\" height=\"1024\" data-wp-class--hide=\"state.isContentHidden\" data-wp-class--show=\"state.isContentVisible\" data-wp-init=\"callbacks.setButtonStyles\" data-wp-on--click=\"actions.showLightbox\" data-wp-on--load=\"callbacks.setButtonStyles\" data-wp-on-window--resize=\"callbacks.setButtonStyles\" data-id=\"2700\" src=\"https:\/\/www.sophiejelger.fr\/wp-content\/uploads\/2025\/12\/dos-stand-sophie-jelger-768x1024.jpg\" alt=\"\" class=\"wp-image-2700\" srcset=\"https:\/\/www.sophiejelger.fr\/wp-content\/uploads\/2025\/12\/dos-stand-sophie-jelger-768x1024.jpg 768w, https:\/\/www.sophiejelger.fr\/wp-content\/uploads\/2025\/12\/dos-stand-sophie-jelger-225x300.jpg 225w, https:\/\/www.sophiejelger.fr\/wp-content\/uploads\/2025\/12\/dos-stand-sophie-jelger-scaled.jpg 1920w\" sizes=\"auto, (max-width: 768px) 100vw, 768px\" \/><button\n\t\t\tclass=\"lightbox-trigger\"\n\t\t\ttype=\"button\"\n\t\t\taria-haspopup=\"dialog\"\n\t\t\taria-label=\"Agrandir\"\n\t\t\tdata-wp-init=\"callbacks.initTriggerButton\"\n\t\t\tdata-wp-on--click=\"actions.showLightbox\"\n\t\t\tdata-wp-style--right=\"state.imageButtonRight\"\n\t\t\tdata-wp-style--top=\"state.imageButtonTop\"\n\t\t>\n\t\t\t<svg xmlns=\"http:\/\/www.w3.org\/2000\/svg\" width=\"12\" height=\"12\" fill=\"none\" viewBox=\"0 0 12 12\">\n\t\t\t\t<path fill=\"#fff\" d=\"M2 0a2 2 0 0 0-2 2v2h1.5V2a.5.5 0 0 1 .5-.5h2V0H2Zm2 10.5H2a.5.5 0 0 1-.5-.5V8H0v2a2 2 0 0 0 2 2h2v-1.5ZM8 12v-1.5h2a.5.5 0 0 0 .5-.5V8H12v2a2 2 0 0 1-2 2H8Zm2-12a2 2 0 0 1 2 2v2h-1.5V2a.5.5 0 0 0-.5-.5H8V0h2Z\" \/>\n\t\t\t<\/svg>\n\t\t<\/button><\/figure>\n<\/figure>\n\n\n\n<h2 class=\"wp-block-heading\"><br><strong>Rencontres et inspirations : le c\u0153ur du March\u00e9 des Talents Inspir\u00e9s<\/strong><\/h2>\n\n\n\n<p>Ce week-end a \u00e9t\u00e9 riche en rencontres humaines, v\u00e9ritable moteur de mon m\u00e9tier.<\/p>\n\n\n\n<h3 class=\"wp-block-heading\"><strong>Des visiteurs curieux, des \u00e9changes pr\u00e9cieux<\/strong><\/h3>\n\n\n\n<p>J\u2019ai re\u00e7u beaucoup de questions, d\u2019envies partag\u00e9es, de couleurs favorites avou\u00e9es. Ces \u00e9changes confirment que la d\u00e9coration int\u00e9rieure n\u2019est pas qu\u2019une affaire de style. C&rsquo;est aussi une histoire de vie, de besoins, d\u2019\u00e9motions.<\/p>\n\n\n\n<h3 class=\"wp-block-heading\"><strong>Des cr\u00e9ateurs talentueux \u00e0 l\u2019\u00e9nergie contagieuse<\/strong><\/h3>\n\n\n\n<p>Le march\u00e9 r\u00e9unissait une constellation d\u2019artisans ! Du textile aux bijoux, des objets po\u00e9tiques aux pi\u00e8ces sculpt\u00e9es, chacun apportait sa mati\u00e8re, son univers, sa sensibilit\u00e9. Leur travail incarne ce que j\u2019aime d\u00e9fendre : une d\u00e9coration plus durable, plus sinc\u00e8re, plus incarn\u00e9e.<\/p>\n\n\n\n<h2 class=\"wp-block-heading\"><strong>D\u00e9coration \u00e9co-responsable &amp; artisanat : une m\u00eame vision<\/strong><\/h2>\n\n\n\n<p>Participer \u00e0 ce march\u00e9 a renforc\u00e9 ma conviction. <a href=\"https:\/\/www.sophiejelger.fr\/index.php\/decoration-eco-responsable\/\" target=\"_blank\" rel=\"noreferrer noopener\">La d\u00e9coration durable<\/a> n\u2019est pas une tendance mais un mouvement profond. Elle est port\u00e9e par des artisans engag\u00e9s, des cr\u00e9ateurs qui travaillent avec intention et un public sensible au sens et \u00e0 la qualit\u00e9. Ces rencontres nourrissent mon m\u00e9tier. Elles m\u2019aident \u00e0 proposer \u00e0 mes clients des pi\u00e8ces uniques, align\u00e9es avec leurs valeurs et \u00e0 insuffler ce petit suppl\u00e9ment d\u2019\u00e2me que j\u2019aime tant d\u00e9nicher.<\/p>\n\n\n\n<h2 class=\"wp-block-heading\"><strong>Pourquoi choisir un artisan local ?<\/strong><\/h2>\n\n\n\n<p>Dans un monde o\u00f9 la d\u00e9coration rime trop souvent avec consommation rapide, ces march\u00e9s rappellent qu\u2019il existe une autre voie : celle du temps, du savoir-faire, de la transmission. Choisir une pi\u00e8ce artisanale, c\u2019est :<br>&#8211; soutenir un m\u00e9tier et un territoire,<br>&#8211; encourager la cr\u00e9ation locale,<br>&#8211; int\u00e9grer chez soi un objet qui a une pr\u00e9sence, une histoire et une v\u00e9rit\u00e9 que le standardis\u00e9 ne pourra jamais offrir.<\/p>\n\n\n\n<h2 class=\"wp-block-heading\"><strong>Offrir une carte cadeau d\u00e9co : un cadeau durable et plein de sens<\/strong><\/h2>\n\n\n\n<p>Ce march\u00e9 fut aussi l\u2019occasion de pr\u00e9senter mes cartes cadeaux d\u00e9co. Une alternative responsable et personnalis\u00e9e aux cadeaux traditionnels. <br>Offrir un <a href=\"https:\/\/www.sophiejelger.fr\/index.php\/coaching-deco-ecoresponsable\/\" target=\"_blank\" rel=\"noreferrer noopener\">coaching d\u00e9co<\/a> ou une s\u00e9ance couleur, c\u2019est offrir :<br>&#8211; plus de clart\u00e9 dans les projets,<br>&#8211; un accompagnement professionnel,<br>&#8211; un int\u00e9rieur mieux pens\u00e9,<br>&#8211; une exp\u00e9rience qui se vit, qui \u00e9claire les choix et r\u00e9v\u00e8le les envies.<br>Un cadeau qui dure bien apr\u00e8s No\u00ebl !<\/p>\n\n\n\n<figure class=\"wp-block-gallery has-nested-images columns-2 is-cropped wp-block-gallery-3 is-layout-flex wp-block-gallery-is-layout-flex\">\n<figure data-wp-context=\"{&quot;imageId&quot;:&quot;69f276a208bec&quot;}\" data-wp-interactive=\"core\/image\" data-wp-key=\"69f276a208bec\" class=\"wp-block-image size-large wp-lightbox-container\"><img loading=\"lazy\" decoding=\"async\" width=\"1024\" height=\"726\" data-wp-class--hide=\"state.isContentHidden\" data-wp-class--show=\"state.isContentVisible\" data-wp-init=\"callbacks.setButtonStyles\" data-wp-on--click=\"actions.showLightbox\" data-wp-on--load=\"callbacks.setButtonStyles\" data-wp-on-window--resize=\"callbacks.setButtonStyles\" data-id=\"2711\" src=\"https:\/\/www.sophiejelger.fr\/wp-content\/uploads\/2025\/12\/carte-cadea-deco-eclat-instantane-sophie-jelger-1024x726.png\" alt=\"\" class=\"wp-image-2711\" srcset=\"https:\/\/www.sophiejelger.fr\/wp-content\/uploads\/2025\/12\/carte-cadea-deco-eclat-instantane-sophie-jelger-1024x726.png 1024w, https:\/\/www.sophiejelger.fr\/wp-content\/uploads\/2025\/12\/carte-cadea-deco-eclat-instantane-sophie-jelger-300x213.png 300w, https:\/\/www.sophiejelger.fr\/wp-content\/uploads\/2025\/12\/carte-cadea-deco-eclat-instantane-sophie-jelger-768x545.png 768w, https:\/\/www.sophiejelger.fr\/wp-content\/uploads\/2025\/12\/carte-cadea-deco-eclat-instantane-sophie-jelger-1536x1090.png 1536w, https:\/\/www.sophiejelger.fr\/wp-content\/uploads\/2025\/12\/carte-cadea-deco-eclat-instantane-sophie-jelger.png 1748w\" sizes=\"auto, (max-width: 1024px) 100vw, 1024px\" \/><button\n\t\t\tclass=\"lightbox-trigger\"\n\t\t\ttype=\"button\"\n\t\t\taria-haspopup=\"dialog\"\n\t\t\taria-label=\"Agrandir\"\n\t\t\tdata-wp-init=\"callbacks.initTriggerButton\"\n\t\t\tdata-wp-on--click=\"actions.showLightbox\"\n\t\t\tdata-wp-style--right=\"state.imageButtonRight\"\n\t\t\tdata-wp-style--top=\"state.imageButtonTop\"\n\t\t>\n\t\t\t<svg xmlns=\"http:\/\/www.w3.org\/2000\/svg\" width=\"12\" height=\"12\" fill=\"none\" viewBox=\"0 0 12 12\">\n\t\t\t\t<path fill=\"#fff\" d=\"M2 0a2 2 0 0 0-2 2v2h1.5V2a.5.5 0 0 1 .5-.5h2V0H2Zm2 10.5H2a.5.5 0 0 1-.5-.5V8H0v2a2 2 0 0 0 2 2h2v-1.5ZM8 12v-1.5h2a.5.5 0 0 0 .5-.5V8H12v2a2 2 0 0 1-2 2H8Zm2-12a2 2 0 0 1 2 2v2h-1.5V2a.5.5 0 0 0-.5-.5H8V0h2Z\" \/>\n\t\t\t<\/svg>\n\t\t<\/button><\/figure>\n\n\n\n<figure data-wp-context=\"{&quot;imageId&quot;:&quot;69f276a208f10&quot;}\" data-wp-interactive=\"core\/image\" data-wp-key=\"69f276a208f10\" class=\"wp-block-image size-large wp-lightbox-container\"><img loading=\"lazy\" decoding=\"async\" width=\"1024\" height=\"726\" data-wp-class--hide=\"state.isContentHidden\" data-wp-class--show=\"state.isContentVisible\" data-wp-init=\"callbacks.setButtonStyles\" data-wp-on--click=\"actions.showLightbox\" data-wp-on--load=\"callbacks.setButtonStyles\" data-wp-on-window--resize=\"callbacks.setButtonStyles\" data-id=\"2713\" src=\"https:\/\/www.sophiejelger.fr\/wp-content\/uploads\/2025\/12\/carte-cadeau-deco-metamorphose-responsable-sophie-jelger-1024x726.png\" alt=\"\" class=\"wp-image-2713\" srcset=\"https:\/\/www.sophiejelger.fr\/wp-content\/uploads\/2025\/12\/carte-cadeau-deco-metamorphose-responsable-sophie-jelger-1024x726.png 1024w, https:\/\/www.sophiejelger.fr\/wp-content\/uploads\/2025\/12\/carte-cadeau-deco-metamorphose-responsable-sophie-jelger-300x213.png 300w, https:\/\/www.sophiejelger.fr\/wp-content\/uploads\/2025\/12\/carte-cadeau-deco-metamorphose-responsable-sophie-jelger-768x545.png 768w, https:\/\/www.sophiejelger.fr\/wp-content\/uploads\/2025\/12\/carte-cadeau-deco-metamorphose-responsable-sophie-jelger-1536x1090.png 1536w, https:\/\/www.sophiejelger.fr\/wp-content\/uploads\/2025\/12\/carte-cadeau-deco-metamorphose-responsable-sophie-jelger.png 1748w\" sizes=\"auto, (max-width: 1024px) 100vw, 1024px\" \/><button\n\t\t\tclass=\"lightbox-trigger\"\n\t\t\ttype=\"button\"\n\t\t\taria-haspopup=\"dialog\"\n\t\t\taria-label=\"Agrandir\"\n\t\t\tdata-wp-init=\"callbacks.initTriggerButton\"\n\t\t\tdata-wp-on--click=\"actions.showLightbox\"\n\t\t\tdata-wp-style--right=\"state.imageButtonRight\"\n\t\t\tdata-wp-style--top=\"state.imageButtonTop\"\n\t\t>\n\t\t\t<svg xmlns=\"http:\/\/www.w3.org\/2000\/svg\" width=\"12\" height=\"12\" fill=\"none\" viewBox=\"0 0 12 12\">\n\t\t\t\t<path fill=\"#fff\" d=\"M2 0a2 2 0 0 0-2 2v2h1.5V2a.5.5 0 0 1 .5-.5h2V0H2Zm2 10.5H2a.5.5 0 0 1-.5-.5V8H0v2a2 2 0 0 0 2 2h2v-1.5ZM8 12v-1.5h2a.5.5 0 0 0 .5-.5V8H12v2a2 2 0 0 1-2 2H8Zm2-12a2 2 0 0 1 2 2v2h-1.5V2a.5.5 0 0 0-.5-.5H8V0h2Z\" \/>\n\t\t\t<\/svg>\n\t\t<\/button><\/figure>\n\n\n\n<figure data-wp-context=\"{&quot;imageId&quot;:&quot;69f276a209204&quot;}\" data-wp-interactive=\"core\/image\" data-wp-key=\"69f276a209204\" class=\"wp-block-image size-large wp-lightbox-container\"><img loading=\"lazy\" decoding=\"async\" width=\"768\" height=\"1024\" data-wp-class--hide=\"state.isContentHidden\" data-wp-class--show=\"state.isContentVisible\" data-wp-init=\"callbacks.setButtonStyles\" data-wp-on--click=\"actions.showLightbox\" data-wp-on--load=\"callbacks.setButtonStyles\" data-wp-on-window--resize=\"callbacks.setButtonStyles\" data-id=\"2703\" src=\"https:\/\/www.sophiejelger.fr\/wp-content\/uploads\/2025\/12\/carte-cadeau-noel-sophie-jelger-768x1024.jpg\" alt=\"\" class=\"wp-image-2703\" srcset=\"https:\/\/www.sophiejelger.fr\/wp-content\/uploads\/2025\/12\/carte-cadeau-noel-sophie-jelger-768x1024.jpg 768w, https:\/\/www.sophiejelger.fr\/wp-content\/uploads\/2025\/12\/carte-cadeau-noel-sophie-jelger-225x300.jpg 225w, https:\/\/www.sophiejelger.fr\/wp-content\/uploads\/2025\/12\/carte-cadeau-noel-sophie-jelger-1152x1536.jpg 1152w, https:\/\/www.sophiejelger.fr\/wp-content\/uploads\/2025\/12\/carte-cadeau-noel-sophie-jelger-1536x2048.jpg 1536w, https:\/\/www.sophiejelger.fr\/wp-content\/uploads\/2025\/12\/carte-cadeau-noel-sophie-jelger-scaled.jpg 1920w\" sizes=\"auto, (max-width: 768px) 100vw, 768px\" \/><button\n\t\t\tclass=\"lightbox-trigger\"\n\t\t\ttype=\"button\"\n\t\t\taria-haspopup=\"dialog\"\n\t\t\taria-label=\"Agrandir\"\n\t\t\tdata-wp-init=\"callbacks.initTriggerButton\"\n\t\t\tdata-wp-on--click=\"actions.showLightbox\"\n\t\t\tdata-wp-style--right=\"state.imageButtonRight\"\n\t\t\tdata-wp-style--top=\"state.imageButtonTop\"\n\t\t>\n\t\t\t<svg xmlns=\"http:\/\/www.w3.org\/2000\/svg\" width=\"12\" height=\"12\" fill=\"none\" viewBox=\"0 0 12 12\">\n\t\t\t\t<path fill=\"#fff\" d=\"M2 0a2 2 0 0 0-2 2v2h1.5V2a.5.5 0 0 1 .5-.5h2V0H2Zm2 10.5H2a.5.5 0 0 1-.5-.5V8H0v2a2 2 0 0 0 2 2h2v-1.5ZM8 12v-1.5h2a.5.5 0 0 0 .5-.5V8H12v2a2 2 0 0 1-2 2H8Zm2-12a2 2 0 0 1 2 2v2h-1.5V2a.5.5 0 0 0-.5-.5H8V0h2Z\" \/>\n\t\t\t<\/svg>\n\t\t<\/button><\/figure>\n<\/figure>\n\n\n\n<h3 class=\"wp-block-heading\"><br><strong>\u00c0 propos \u2013 Sophie Jelger, d\u00e9coratrice engag\u00e9e &amp; coloriste<\/strong><\/h3>\n\n\n\n<p>D\u00e9coratrice d\u2019int\u00e9rieur labellis\u00e9e \u00e9co-responsable, je cr\u00e9e des espaces esth\u00e9tiques, fonctionnels et durables, en r\u00e9v\u00e9lant leur suppl\u00e9ment d\u2019\u00e2me. Coloriste experte, je place la couleur au c\u0153ur de mes projets pour transformer une ambiance, raconter une histoire et cr\u00e9er un int\u00e9rieur qui fait du bien. <br><a href=\"https:\/\/www.sophiejelger.fr\/index.php\/mes-tarifs-pour-particuliers-et-professionnels\/\" target=\"_blank\" rel=\"noreferrer noopener\">J\u2019accompagne particuliers et professionnels<\/a> \u00e0 :<br>\u2022 clarifier leurs envies,<br>\u2022 structurer leurs projets,<br>\u2022 faire des choix coh\u00e9rents, durables et adapt\u00e9s \u00e0 leur mode de vie,<br>\u2022 int\u00e9grer mati\u00e8res naturelles, artisans locaux et pi\u00e8ces uniques.<br>Chaque <a href=\"https:\/\/www.sophiejelger.fr\/index.php\/projet-deco\/\" target=\"_blank\" rel=\"noreferrer noopener\">projet<\/a> est pour moi une rencontre avec un lieu, une histoire, une sensibilit\u00e9.<\/p>\n\n\n\n<h2 class=\"wp-block-heading\"><strong>Mettre en lumi\u00e8re les cr\u00e9ateurs : une s\u00e9lection \u00e0 d\u00e9couvrir<\/strong><\/h2>\n\n\n\n<p>Pour prolonger cette belle dynamique, j\u2019ai propos\u00e9 \u00e0 chaque exposant de partager une photo de son stand et les liens vers leurs sites ou r\u00e9seaux. Vous retrouverez dans la suite de cet article, une s\u00e9lection de cr\u00e9ateurs locaux dont le travail m\u00e9rite d\u2019\u00eatre vu, soutenu et c\u00e9l\u00e9br\u00e9. Parce qu\u2019un march\u00e9 de No\u00ebl n\u2019est pas seulement un lieu d\u2019achat : c\u2019est un \u00e9cosyst\u00e8me, une \u00e9nergie collective et une formidable respiration cr\u00e9ative.<\/p>\n\n\n\n<h3 class=\"wp-block-heading\"><strong>Cr\u00e9ateurs du march\u00e9 des Talents Inspir\u00e9s <\/strong><\/h3>\n\n\n\n<p>Le March\u00e9 des Talents Inspir\u00e9s compte des univers multiples et singuliers. Des mati\u00e8res brutes, des couleurs intenses, du textile po\u00e9tique, des objets sculpt\u00e9s, des bijoux sensibles, des pi\u00e8ces fa\u00e7onn\u00e9es avec passion. Voici une s\u00e9lection de cr\u00e9ateurs rencontr\u00e9s lors de cette belle \u00e9dition. Et bien d\u2019autres encore\u2026 Je vous encourage \u00e0 d\u00e9couvrir leur travail en cliquant sur le lien qui m\u00e8ne \u00e0 leur vitrine. <br>Soutenir les artisans locaux, c\u2019est soutenir un savoir-faire, un territoire et une vision plus authentique de la d\u00e9coration.<\/p>\n\n\n\n<figure class=\"wp-block-gallery has-nested-images columns-6 is-cropped wp-block-gallery-4 is-layout-flex wp-block-gallery-is-layout-flex\">\n<figure data-wp-context=\"{&quot;imageId&quot;:&quot;69f276a20966c&quot;}\" data-wp-interactive=\"core\/image\" data-wp-key=\"69f276a20966c\" class=\"wp-block-image size-large wp-lightbox-container\"><img loading=\"lazy\" decoding=\"async\" width=\"240\" height=\"320\" data-wp-class--hide=\"state.isContentHidden\" data-wp-class--show=\"state.isContentVisible\" data-wp-init=\"callbacks.setButtonStyles\" data-wp-on--click=\"actions.showLightbox\" data-wp-on--load=\"callbacks.setButtonStyles\" data-wp-on-window--resize=\"callbacks.setButtonStyles\" data-id=\"2738\" src=\"https:\/\/www.sophiejelger.fr\/wp-content\/uploads\/2025\/12\/Atelier-LouisetteGatou-rotated.jpeg\" alt=\"\" class=\"wp-image-2738\" srcset=\"https:\/\/www.sophiejelger.fr\/wp-content\/uploads\/2025\/12\/Atelier-LouisetteGatou-rotated.jpeg 240w, https:\/\/www.sophiejelger.fr\/wp-content\/uploads\/2025\/12\/Atelier-LouisetteGatou-225x300.jpeg 225w\" sizes=\"auto, (max-width: 240px) 100vw, 240px\" \/><button\n\t\t\tclass=\"lightbox-trigger\"\n\t\t\ttype=\"button\"\n\t\t\taria-haspopup=\"dialog\"\n\t\t\taria-label=\"Agrandir\"\n\t\t\tdata-wp-init=\"callbacks.initTriggerButton\"\n\t\t\tdata-wp-on--click=\"actions.showLightbox\"\n\t\t\tdata-wp-style--right=\"state.imageButtonRight\"\n\t\t\tdata-wp-style--top=\"state.imageButtonTop\"\n\t\t>\n\t\t\t<svg xmlns=\"http:\/\/www.w3.org\/2000\/svg\" width=\"12\" height=\"12\" fill=\"none\" viewBox=\"0 0 12 12\">\n\t\t\t\t<path fill=\"#fff\" d=\"M2 0a2 2 0 0 0-2 2v2h1.5V2a.5.5 0 0 1 .5-.5h2V0H2Zm2 10.5H2a.5.5 0 0 1-.5-.5V8H0v2a2 2 0 0 0 2 2h2v-1.5ZM8 12v-1.5h2a.5.5 0 0 0 .5-.5V8H12v2a2 2 0 0 1-2 2H8Zm2-12a2 2 0 0 1 2 2v2h-1.5V2a.5.5 0 0 0-.5-.5H8V0h2Z\" \/>\n\t\t\t<\/svg>\n\t\t<\/button><figcaption class=\"wp-element-caption\"><a href=\"https:\/\/atelierlouisettegatou.com\/\" target=\"_blank\" rel=\"noreferrer noopener\">Atelier Louisette &amp; Gatou<\/a><\/figcaption><\/figure>\n\n\n\n<figure data-wp-context=\"{&quot;imageId&quot;:&quot;69f276a20999e&quot;}\" data-wp-interactive=\"core\/image\" data-wp-key=\"69f276a20999e\" class=\"wp-block-image size-large wp-lightbox-container\"><img loading=\"lazy\" decoding=\"async\" width=\"768\" height=\"1024\" data-wp-class--hide=\"state.isContentHidden\" data-wp-class--show=\"state.isContentVisible\" data-wp-init=\"callbacks.setButtonStyles\" data-wp-on--click=\"actions.showLightbox\" data-wp-on--load=\"callbacks.setButtonStyles\" data-wp-on-window--resize=\"callbacks.setButtonStyles\" data-id=\"2727\" src=\"https:\/\/www.sophiejelger.fr\/wp-content\/uploads\/2025\/12\/photo-atelier-terre-et-bois-768x1024.jpg\" alt=\"\" class=\"wp-image-2727\" srcset=\"https:\/\/www.sophiejelger.fr\/wp-content\/uploads\/2025\/12\/photo-atelier-terre-et-bois-768x1024.jpg 768w, https:\/\/www.sophiejelger.fr\/wp-content\/uploads\/2025\/12\/photo-atelier-terre-et-bois-225x300.jpg 225w, https:\/\/www.sophiejelger.fr\/wp-content\/uploads\/2025\/12\/photo-atelier-terre-et-bois-1152x1536.jpg 1152w, https:\/\/www.sophiejelger.fr\/wp-content\/uploads\/2025\/12\/photo-atelier-terre-et-bois-1536x2048.jpg 1536w, https:\/\/www.sophiejelger.fr\/wp-content\/uploads\/2025\/12\/photo-atelier-terre-et-bois-scaled.jpg 1920w\" sizes=\"auto, (max-width: 768px) 100vw, 768px\" \/><button\n\t\t\tclass=\"lightbox-trigger\"\n\t\t\ttype=\"button\"\n\t\t\taria-haspopup=\"dialog\"\n\t\t\taria-label=\"Agrandir\"\n\t\t\tdata-wp-init=\"callbacks.initTriggerButton\"\n\t\t\tdata-wp-on--click=\"actions.showLightbox\"\n\t\t\tdata-wp-style--right=\"state.imageButtonRight\"\n\t\t\tdata-wp-style--top=\"state.imageButtonTop\"\n\t\t>\n\t\t\t<svg xmlns=\"http:\/\/www.w3.org\/2000\/svg\" width=\"12\" height=\"12\" fill=\"none\" viewBox=\"0 0 12 12\">\n\t\t\t\t<path fill=\"#fff\" d=\"M2 0a2 2 0 0 0-2 2v2h1.5V2a.5.5 0 0 1 .5-.5h2V0H2Zm2 10.5H2a.5.5 0 0 1-.5-.5V8H0v2a2 2 0 0 0 2 2h2v-1.5ZM8 12v-1.5h2a.5.5 0 0 0 .5-.5V8H12v2a2 2 0 0 1-2 2H8Zm2-12a2 2 0 0 1 2 2v2h-1.5V2a.5.5 0 0 0-.5-.5H8V0h2Z\" \/>\n\t\t\t<\/svg>\n\t\t<\/button><figcaption class=\"wp-element-caption\"><a href=\"https:\/\/atelier-terre-et-bois.com\/\" target=\"_blank\" rel=\"noreferrer noopener\">Atelier Terre et Bois<\/a><\/figcaption><\/figure>\n\n\n\n<figure data-wp-context=\"{&quot;imageId&quot;:&quot;69f276a209cae&quot;}\" data-wp-interactive=\"core\/image\" data-wp-key=\"69f276a209cae\" class=\"wp-block-image size-large wp-lightbox-container\"><img decoding=\"async\" data-wp-class--hide=\"state.isContentHidden\" data-wp-class--show=\"state.isContentVisible\" data-wp-init=\"callbacks.setButtonStyles\" data-wp-on--click=\"actions.showLightbox\" data-wp-on--load=\"callbacks.setButtonStyles\" data-wp-on-window--resize=\"callbacks.setButtonStyles\" data-id=\"2719\" src=\"https:\/\/www.sophiejelger.fr\/wp-content\/uploads\/2025\/12\/BichettesCo.jpg\" alt=\"\" class=\"wp-image-2719\"\/><button\n\t\t\tclass=\"lightbox-trigger\"\n\t\t\ttype=\"button\"\n\t\t\taria-haspopup=\"dialog\"\n\t\t\taria-label=\"Agrandir\"\n\t\t\tdata-wp-init=\"callbacks.initTriggerButton\"\n\t\t\tdata-wp-on--click=\"actions.showLightbox\"\n\t\t\tdata-wp-style--right=\"state.imageButtonRight\"\n\t\t\tdata-wp-style--top=\"state.imageButtonTop\"\n\t\t>\n\t\t\t<svg xmlns=\"http:\/\/www.w3.org\/2000\/svg\" width=\"12\" height=\"12\" fill=\"none\" viewBox=\"0 0 12 12\">\n\t\t\t\t<path fill=\"#fff\" d=\"M2 0a2 2 0 0 0-2 2v2h1.5V2a.5.5 0 0 1 .5-.5h2V0H2Zm2 10.5H2a.5.5 0 0 1-.5-.5V8H0v2a2 2 0 0 0 2 2h2v-1.5ZM8 12v-1.5h2a.5.5 0 0 0 .5-.5V8H12v2a2 2 0 0 1-2 2H8Zm2-12a2 2 0 0 1 2 2v2h-1.5V2a.5.5 0 0 0-.5-.5H8V0h2Z\" \/>\n\t\t\t<\/svg>\n\t\t<\/button><figcaption class=\"wp-element-caption\"><a href=\"https:\/\/www.instagram.com\/bichettesandco\/\" target=\"_blank\" rel=\"noreferrer noopener\">Bichettes&amp;Co<\/a><\/figcaption><\/figure>\n\n\n\n<figure data-wp-context=\"{&quot;imageId&quot;:&quot;69f276a20a08f&quot;}\" data-wp-interactive=\"core\/image\" data-wp-key=\"69f276a20a08f\" class=\"wp-block-image size-large wp-lightbox-container\"><img loading=\"lazy\" decoding=\"async\" width=\"618\" height=\"1006\" data-wp-class--hide=\"state.isContentHidden\" data-wp-class--show=\"state.isContentVisible\" data-wp-init=\"callbacks.setButtonStyles\" data-wp-on--click=\"actions.showLightbox\" data-wp-on--load=\"callbacks.setButtonStyles\" data-wp-on-window--resize=\"callbacks.setButtonStyles\" data-id=\"2716\" src=\"https:\/\/www.sophiejelger.fr\/wp-content\/uploads\/2025\/12\/BiduleetCompagnie.jpeg\" alt=\"\" class=\"wp-image-2716\" srcset=\"https:\/\/www.sophiejelger.fr\/wp-content\/uploads\/2025\/12\/BiduleetCompagnie.jpeg 618w, https:\/\/www.sophiejelger.fr\/wp-content\/uploads\/2025\/12\/BiduleetCompagnie-184x300.jpeg 184w\" sizes=\"auto, (max-width: 618px) 100vw, 618px\" \/><button\n\t\t\tclass=\"lightbox-trigger\"\n\t\t\ttype=\"button\"\n\t\t\taria-haspopup=\"dialog\"\n\t\t\taria-label=\"Agrandir\"\n\t\t\tdata-wp-init=\"callbacks.initTriggerButton\"\n\t\t\tdata-wp-on--click=\"actions.showLightbox\"\n\t\t\tdata-wp-style--right=\"state.imageButtonRight\"\n\t\t\tdata-wp-style--top=\"state.imageButtonTop\"\n\t\t>\n\t\t\t<svg xmlns=\"http:\/\/www.w3.org\/2000\/svg\" width=\"12\" height=\"12\" fill=\"none\" viewBox=\"0 0 12 12\">\n\t\t\t\t<path fill=\"#fff\" d=\"M2 0a2 2 0 0 0-2 2v2h1.5V2a.5.5 0 0 1 .5-.5h2V0H2Zm2 10.5H2a.5.5 0 0 1-.5-.5V8H0v2a2 2 0 0 0 2 2h2v-1.5ZM8 12v-1.5h2a.5.5 0 0 0 .5-.5V8H12v2a2 2 0 0 1-2 2H8Zm2-12a2 2 0 0 1 2 2v2h-1.5V2a.5.5 0 0 0-.5-.5H8V0h2Z\" \/>\n\t\t\t<\/svg>\n\t\t<\/button><figcaption class=\"wp-element-caption\"><a href=\"https:\/\/www.bidule-compagnie.fr\/\" target=\"_blank\" rel=\"noreferrer noopener\">Bidule et Compagnie<\/a><\/figcaption><\/figure>\n\n\n\n<figure data-wp-context=\"{&quot;imageId&quot;:&quot;69f276a20a43d&quot;}\" data-wp-interactive=\"core\/image\" data-wp-key=\"69f276a20a43d\" class=\"wp-block-image size-large wp-lightbox-container\"><img loading=\"lazy\" decoding=\"async\" width=\"768\" height=\"1024\" data-wp-class--hide=\"state.isContentHidden\" data-wp-class--show=\"state.isContentVisible\" data-wp-init=\"callbacks.setButtonStyles\" data-wp-on--click=\"actions.showLightbox\" data-wp-on--load=\"callbacks.setButtonStyles\" data-wp-on-window--resize=\"callbacks.setButtonStyles\" data-id=\"2718\" src=\"https:\/\/www.sophiejelger.fr\/wp-content\/uploads\/2025\/12\/Chardonfermeflorale-768x1024.jpg\" alt=\"\" class=\"wp-image-2718\" srcset=\"https:\/\/www.sophiejelger.fr\/wp-content\/uploads\/2025\/12\/Chardonfermeflorale-768x1024.jpg 768w, https:\/\/www.sophiejelger.fr\/wp-content\/uploads\/2025\/12\/Chardonfermeflorale-225x300.jpg 225w, https:\/\/www.sophiejelger.fr\/wp-content\/uploads\/2025\/12\/Chardonfermeflorale-1152x1536.jpg 1152w, https:\/\/www.sophiejelger.fr\/wp-content\/uploads\/2025\/12\/Chardonfermeflorale.jpg 1536w\" sizes=\"auto, (max-width: 768px) 100vw, 768px\" \/><button\n\t\t\tclass=\"lightbox-trigger\"\n\t\t\ttype=\"button\"\n\t\t\taria-haspopup=\"dialog\"\n\t\t\taria-label=\"Agrandir\"\n\t\t\tdata-wp-init=\"callbacks.initTriggerButton\"\n\t\t\tdata-wp-on--click=\"actions.showLightbox\"\n\t\t\tdata-wp-style--right=\"state.imageButtonRight\"\n\t\t\tdata-wp-style--top=\"state.imageButtonTop\"\n\t\t>\n\t\t\t<svg xmlns=\"http:\/\/www.w3.org\/2000\/svg\" width=\"12\" height=\"12\" fill=\"none\" viewBox=\"0 0 12 12\">\n\t\t\t\t<path fill=\"#fff\" d=\"M2 0a2 2 0 0 0-2 2v2h1.5V2a.5.5 0 0 1 .5-.5h2V0H2Zm2 10.5H2a.5.5 0 0 1-.5-.5V8H0v2a2 2 0 0 0 2 2h2v-1.5ZM8 12v-1.5h2a.5.5 0 0 0 .5-.5V8H12v2a2 2 0 0 1-2 2H8Zm2-12a2 2 0 0 1 2 2v2h-1.5V2a.5.5 0 0 0-.5-.5H8V0h2Z\" \/>\n\t\t\t<\/svg>\n\t\t<\/button><figcaption class=\"wp-element-caption\"><a href=\"https:\/\/www.chardonfermeflorale.com\/\" target=\"_blank\" rel=\"noreferrer noopener\">Chardon ferme florale<\/a><\/figcaption><\/figure>\n\n\n\n<figure data-wp-context=\"{&quot;imageId&quot;:&quot;69f276a20a77c&quot;}\" data-wp-interactive=\"core\/image\" data-wp-key=\"69f276a20a77c\" class=\"wp-block-image size-large wp-lightbox-container\"><img loading=\"lazy\" decoding=\"async\" width=\"480\" height=\"640\" data-wp-class--hide=\"state.isContentHidden\" data-wp-class--show=\"state.isContentVisible\" data-wp-init=\"callbacks.setButtonStyles\" data-wp-on--click=\"actions.showLightbox\" data-wp-on--load=\"callbacks.setButtonStyles\" data-wp-on-window--resize=\"callbacks.setButtonStyles\" data-id=\"2717\" src=\"https:\/\/www.sophiejelger.fr\/wp-content\/uploads\/2025\/12\/ContenusCeramiques-rotated.jpeg\" alt=\"\" class=\"wp-image-2717\" srcset=\"https:\/\/www.sophiejelger.fr\/wp-content\/uploads\/2025\/12\/ContenusCeramiques-rotated.jpeg 480w, https:\/\/www.sophiejelger.fr\/wp-content\/uploads\/2025\/12\/ContenusCeramiques-225x300.jpeg 225w\" sizes=\"auto, (max-width: 480px) 100vw, 480px\" \/><button\n\t\t\tclass=\"lightbox-trigger\"\n\t\t\ttype=\"button\"\n\t\t\taria-haspopup=\"dialog\"\n\t\t\taria-label=\"Agrandir\"\n\t\t\tdata-wp-init=\"callbacks.initTriggerButton\"\n\t\t\tdata-wp-on--click=\"actions.showLightbox\"\n\t\t\tdata-wp-style--right=\"state.imageButtonRight\"\n\t\t\tdata-wp-style--top=\"state.imageButtonTop\"\n\t\t>\n\t\t\t<svg xmlns=\"http:\/\/www.w3.org\/2000\/svg\" width=\"12\" height=\"12\" fill=\"none\" viewBox=\"0 0 12 12\">\n\t\t\t\t<path fill=\"#fff\" d=\"M2 0a2 2 0 0 0-2 2v2h1.5V2a.5.5 0 0 1 .5-.5h2V0H2Zm2 10.5H2a.5.5 0 0 1-.5-.5V8H0v2a2 2 0 0 0 2 2h2v-1.5ZM8 12v-1.5h2a.5.5 0 0 0 .5-.5V8H12v2a2 2 0 0 1-2 2H8Zm2-12a2 2 0 0 1 2 2v2h-1.5V2a.5.5 0 0 0-.5-.5H8V0h2Z\" \/>\n\t\t\t<\/svg>\n\t\t<\/button><figcaption class=\"wp-element-caption\"><a href=\"https:\/\/www.facebook.com\/celine.bastienguitard\/?locale=fr_FR\" target=\"_blank\" rel=\"noreferrer noopener\">Contenus c\u00e9ramiques<\/a><\/figcaption><\/figure>\n\n\n\n<figure data-wp-context=\"{&quot;imageId&quot;:&quot;69f276a20ab76&quot;}\" data-wp-interactive=\"core\/image\" data-wp-key=\"69f276a20ab76\" class=\"wp-block-image size-large wp-lightbox-container\"><img loading=\"lazy\" decoding=\"async\" width=\"683\" height=\"1024\" data-wp-class--hide=\"state.isContentHidden\" data-wp-class--show=\"state.isContentVisible\" data-wp-init=\"callbacks.setButtonStyles\" data-wp-on--click=\"actions.showLightbox\" data-wp-on--load=\"callbacks.setButtonStyles\" data-wp-on-window--resize=\"callbacks.setButtonStyles\" data-id=\"2726\" src=\"https:\/\/www.sophiejelger.fr\/wp-content\/uploads\/2025\/12\/DubeauEbasta-683x1024.jpeg\" alt=\"\" class=\"wp-image-2726\" srcset=\"https:\/\/www.sophiejelger.fr\/wp-content\/uploads\/2025\/12\/DubeauEbasta-683x1024.jpeg 683w, https:\/\/www.sophiejelger.fr\/wp-content\/uploads\/2025\/12\/DubeauEbasta-200x300.jpeg 200w, https:\/\/www.sophiejelger.fr\/wp-content\/uploads\/2025\/12\/DubeauEbasta-768x1152.jpeg 768w, https:\/\/www.sophiejelger.fr\/wp-content\/uploads\/2025\/12\/DubeauEbasta-scaled.jpeg 1707w\" sizes=\"auto, (max-width: 683px) 100vw, 683px\" \/><button\n\t\t\tclass=\"lightbox-trigger\"\n\t\t\ttype=\"button\"\n\t\t\taria-haspopup=\"dialog\"\n\t\t\taria-label=\"Agrandir\"\n\t\t\tdata-wp-init=\"callbacks.initTriggerButton\"\n\t\t\tdata-wp-on--click=\"actions.showLightbox\"\n\t\t\tdata-wp-style--right=\"state.imageButtonRight\"\n\t\t\tdata-wp-style--top=\"state.imageButtonTop\"\n\t\t>\n\t\t\t<svg xmlns=\"http:\/\/www.w3.org\/2000\/svg\" width=\"12\" height=\"12\" fill=\"none\" viewBox=\"0 0 12 12\">\n\t\t\t\t<path fill=\"#fff\" d=\"M2 0a2 2 0 0 0-2 2v2h1.5V2a.5.5 0 0 1 .5-.5h2V0H2Zm2 10.5H2a.5.5 0 0 1-.5-.5V8H0v2a2 2 0 0 0 2 2h2v-1.5ZM8 12v-1.5h2a.5.5 0 0 0 .5-.5V8H12v2a2 2 0 0 1-2 2H8Zm2-12a2 2 0 0 1 2 2v2h-1.5V2a.5.5 0 0 0-.5-.5H8V0h2Z\" \/>\n\t\t\t<\/svg>\n\t\t<\/button><figcaption class=\"wp-element-caption\"><a href=\"https:\/\/www.instagram.com\/dubeau_ebasta\/\" target=\"_blank\" rel=\"noreferrer noopener\">Du beau E BASTA<\/a><\/figcaption><\/figure>\n\n\n\n<figure data-wp-context=\"{&quot;imageId&quot;:&quot;69f276a20af64&quot;}\" data-wp-interactive=\"core\/image\" data-wp-key=\"69f276a20af64\" class=\"wp-block-image size-large wp-lightbox-container\"><img loading=\"lazy\" decoding=\"async\" width=\"2497\" height=\"2560\" data-wp-class--hide=\"state.isContentHidden\" data-wp-class--show=\"state.isContentVisible\" data-wp-init=\"callbacks.setButtonStyles\" data-wp-on--click=\"actions.showLightbox\" data-wp-on--load=\"callbacks.setButtonStyles\" data-wp-on-window--resize=\"callbacks.setButtonStyles\" data-id=\"2723\" src=\"https:\/\/www.sophiejelger.fr\/wp-content\/uploads\/2025\/12\/EnvoleedeCouleurs-scaled.jpeg\" alt=\"\" class=\"wp-image-2723\" srcset=\"https:\/\/www.sophiejelger.fr\/wp-content\/uploads\/2025\/12\/EnvoleedeCouleurs-scaled.jpeg 2497w, https:\/\/www.sophiejelger.fr\/wp-content\/uploads\/2025\/12\/EnvoleedeCouleurs-293x300.jpeg 293w\" sizes=\"auto, (max-width: 2497px) 100vw, 2497px\" \/><button\n\t\t\tclass=\"lightbox-trigger\"\n\t\t\ttype=\"button\"\n\t\t\taria-haspopup=\"dialog\"\n\t\t\taria-label=\"Agrandir\"\n\t\t\tdata-wp-init=\"callbacks.initTriggerButton\"\n\t\t\tdata-wp-on--click=\"actions.showLightbox\"\n\t\t\tdata-wp-style--right=\"state.imageButtonRight\"\n\t\t\tdata-wp-style--top=\"state.imageButtonTop\"\n\t\t>\n\t\t\t<svg xmlns=\"http:\/\/www.w3.org\/2000\/svg\" width=\"12\" height=\"12\" fill=\"none\" viewBox=\"0 0 12 12\">\n\t\t\t\t<path fill=\"#fff\" d=\"M2 0a2 2 0 0 0-2 2v2h1.5V2a.5.5 0 0 1 .5-.5h2V0H2Zm2 10.5H2a.5.5 0 0 1-.5-.5V8H0v2a2 2 0 0 0 2 2h2v-1.5ZM8 12v-1.5h2a.5.5 0 0 0 .5-.5V8H12v2a2 2 0 0 1-2 2H8Zm2-12a2 2 0 0 1 2 2v2h-1.5V2a.5.5 0 0 0-.5-.5H8V0h2Z\" \/>\n\t\t\t<\/svg>\n\t\t<\/button><figcaption class=\"wp-element-caption\"><a href=\"https:\/\/www.instagram.com\/p\/DRuiUlfCEr6\/\" target=\"_blank\" rel=\"noreferrer noopener\">Envol\u00e9e de couleurs<\/a><\/figcaption><\/figure>\n\n\n\n<figure data-wp-context=\"{&quot;imageId&quot;:&quot;69f276a20b366&quot;}\" data-wp-interactive=\"core\/image\" data-wp-key=\"69f276a20b366\" class=\"wp-block-image size-large wp-lightbox-container\"><img loading=\"lazy\" decoding=\"async\" width=\"1920\" height=\"2560\" data-wp-class--hide=\"state.isContentHidden\" data-wp-class--show=\"state.isContentVisible\" data-wp-init=\"callbacks.setButtonStyles\" data-wp-on--click=\"actions.showLightbox\" data-wp-on--load=\"callbacks.setButtonStyles\" data-wp-on-window--resize=\"callbacks.setButtonStyles\" data-id=\"2724\" src=\"https:\/\/www.sophiejelger.fr\/wp-content\/uploads\/2025\/12\/Finefleur-scaled.jpeg\" alt=\"\" class=\"wp-image-2724\" srcset=\"https:\/\/www.sophiejelger.fr\/wp-content\/uploads\/2025\/12\/Finefleur-scaled.jpeg 1920w, https:\/\/www.sophiejelger.fr\/wp-content\/uploads\/2025\/12\/Finefleur-225x300.jpeg 225w\" sizes=\"auto, (max-width: 1920px) 100vw, 1920px\" \/><button\n\t\t\tclass=\"lightbox-trigger\"\n\t\t\ttype=\"button\"\n\t\t\taria-haspopup=\"dialog\"\n\t\t\taria-label=\"Agrandir\"\n\t\t\tdata-wp-init=\"callbacks.initTriggerButton\"\n\t\t\tdata-wp-on--click=\"actions.showLightbox\"\n\t\t\tdata-wp-style--right=\"state.imageButtonRight\"\n\t\t\tdata-wp-style--top=\"state.imageButtonTop\"\n\t\t>\n\t\t\t<svg xmlns=\"http:\/\/www.w3.org\/2000\/svg\" width=\"12\" height=\"12\" fill=\"none\" viewBox=\"0 0 12 12\">\n\t\t\t\t<path fill=\"#fff\" d=\"M2 0a2 2 0 0 0-2 2v2h1.5V2a.5.5 0 0 1 .5-.5h2V0H2Zm2 10.5H2a.5.5 0 0 1-.5-.5V8H0v2a2 2 0 0 0 2 2h2v-1.5ZM8 12v-1.5h2a.5.5 0 0 0 .5-.5V8H12v2a2 2 0 0 1-2 2H8Zm2-12a2 2 0 0 1 2 2v2h-1.5V2a.5.5 0 0 0-.5-.5H8V0h2Z\" \/>\n\t\t\t<\/svg>\n\t\t<\/button><figcaption class=\"wp-element-caption\"><a href=\"https:\/\/www.finefleurmagazine.fr\/\" target=\"_blank\" rel=\"noreferrer noopener\">Fine Fleur Magazine<\/a><\/figcaption><\/figure>\n\n\n\n<figure data-wp-context=\"{&quot;imageId&quot;:&quot;69f276a20b720&quot;}\" data-wp-interactive=\"core\/image\" data-wp-key=\"69f276a20b720\" class=\"wp-block-image size-large wp-lightbox-container\"><img loading=\"lazy\" decoding=\"async\" width=\"768\" height=\"1024\" data-wp-class--hide=\"state.isContentHidden\" data-wp-class--show=\"state.isContentVisible\" data-wp-init=\"callbacks.setButtonStyles\" data-wp-on--click=\"actions.showLightbox\" data-wp-on--load=\"callbacks.setButtonStyles\" data-wp-on-window--resize=\"callbacks.setButtonStyles\" data-id=\"2743\" src=\"https:\/\/www.sophiejelger.fr\/wp-content\/uploads\/2025\/12\/Histoires-botanniques-768x1024.jpeg\" alt=\"\" class=\"wp-image-2743\" srcset=\"https:\/\/www.sophiejelger.fr\/wp-content\/uploads\/2025\/12\/Histoires-botanniques-768x1024.jpeg 768w, https:\/\/www.sophiejelger.fr\/wp-content\/uploads\/2025\/12\/Histoires-botanniques-225x300.jpeg 225w, https:\/\/www.sophiejelger.fr\/wp-content\/uploads\/2025\/12\/Histoires-botanniques-1152x1536.jpeg 1152w, https:\/\/www.sophiejelger.fr\/wp-content\/uploads\/2025\/12\/Histoires-botanniques-1536x2048.jpeg 1536w, https:\/\/www.sophiejelger.fr\/wp-content\/uploads\/2025\/12\/Histoires-botanniques-scaled.jpeg 1920w\" sizes=\"auto, (max-width: 768px) 100vw, 768px\" \/><button\n\t\t\tclass=\"lightbox-trigger\"\n\t\t\ttype=\"button\"\n\t\t\taria-haspopup=\"dialog\"\n\t\t\taria-label=\"Agrandir\"\n\t\t\tdata-wp-init=\"callbacks.initTriggerButton\"\n\t\t\tdata-wp-on--click=\"actions.showLightbox\"\n\t\t\tdata-wp-style--right=\"state.imageButtonRight\"\n\t\t\tdata-wp-style--top=\"state.imageButtonTop\"\n\t\t>\n\t\t\t<svg xmlns=\"http:\/\/www.w3.org\/2000\/svg\" width=\"12\" height=\"12\" fill=\"none\" viewBox=\"0 0 12 12\">\n\t\t\t\t<path fill=\"#fff\" d=\"M2 0a2 2 0 0 0-2 2v2h1.5V2a.5.5 0 0 1 .5-.5h2V0H2Zm2 10.5H2a.5.5 0 0 1-.5-.5V8H0v2a2 2 0 0 0 2 2h2v-1.5ZM8 12v-1.5h2a.5.5 0 0 0 .5-.5V8H12v2a2 2 0 0 1-2 2H8Zm2-12a2 2 0 0 1 2 2v2h-1.5V2a.5.5 0 0 0-.5-.5H8V0h2Z\" \/>\n\t\t\t<\/svg>\n\t\t<\/button><figcaption class=\"wp-element-caption\"><a href=\"https:\/\/www.instagram.com\/histoires_botaniques\/\" target=\"_blank\" rel=\"noreferrer noopener\">Histoires botanniques<\/a><\/figcaption><\/figure>\n\n\n\n<figure data-wp-context=\"{&quot;imageId&quot;:&quot;69f276a20ba49&quot;}\" data-wp-interactive=\"core\/image\" data-wp-key=\"69f276a20ba49\" class=\"wp-block-image size-large wp-lightbox-container\"><img decoding=\"async\" data-wp-class--hide=\"state.isContentHidden\" data-wp-class--show=\"state.isContentVisible\" data-wp-init=\"callbacks.setButtonStyles\" data-wp-on--click=\"actions.showLightbox\" data-wp-on--load=\"callbacks.setButtonStyles\" data-wp-on-window--resize=\"callbacks.setButtonStyles\" data-id=\"2730\" src=\"https:\/\/www.sophiejelger.fr\/wp-content\/uploads\/2025\/12\/du-beau-E-BASTA.jpeg\" alt=\"\" class=\"wp-image-2730\"\/><button\n\t\t\tclass=\"lightbox-trigger\"\n\t\t\ttype=\"button\"\n\t\t\taria-haspopup=\"dialog\"\n\t\t\taria-label=\"Agrandir\"\n\t\t\tdata-wp-init=\"callbacks.initTriggerButton\"\n\t\t\tdata-wp-on--click=\"actions.showLightbox\"\n\t\t\tdata-wp-style--right=\"state.imageButtonRight\"\n\t\t\tdata-wp-style--top=\"state.imageButtonTop\"\n\t\t>\n\t\t\t<svg xmlns=\"http:\/\/www.w3.org\/2000\/svg\" width=\"12\" height=\"12\" fill=\"none\" viewBox=\"0 0 12 12\">\n\t\t\t\t<path fill=\"#fff\" d=\"M2 0a2 2 0 0 0-2 2v2h1.5V2a.5.5 0 0 1 .5-.5h2V0H2Zm2 10.5H2a.5.5 0 0 1-.5-.5V8H0v2a2 2 0 0 0 2 2h2v-1.5ZM8 12v-1.5h2a.5.5 0 0 0 .5-.5V8H12v2a2 2 0 0 1-2 2H8Zm2-12a2 2 0 0 1 2 2v2h-1.5V2a.5.5 0 0 0-.5-.5H8V0h2Z\" \/>\n\t\t\t<\/svg>\n\t\t<\/button><figcaption class=\"wp-element-caption\"><a href=\"https:\/\/www.dubeauebasta.fr\/\" target=\"_blank\" rel=\"noreferrer noopener\">Julie Linari &#8211; Du beau E BASTA<\/a><\/figcaption><\/figure>\n\n\n\n<figure data-wp-context=\"{&quot;imageId&quot;:&quot;69f276a20bd8f&quot;}\" data-wp-interactive=\"core\/image\" data-wp-key=\"69f276a20bd8f\" class=\"wp-block-image size-large wp-lightbox-container\"><img loading=\"lazy\" decoding=\"async\" width=\"683\" height=\"1024\" data-wp-class--hide=\"state.isContentHidden\" data-wp-class--show=\"state.isContentVisible\" data-wp-init=\"callbacks.setButtonStyles\" data-wp-on--click=\"actions.showLightbox\" data-wp-on--load=\"callbacks.setButtonStyles\" data-wp-on-window--resize=\"callbacks.setButtonStyles\" data-id=\"2729\" src=\"https:\/\/www.sophiejelger.fr\/wp-content\/uploads\/2025\/12\/MarchdeNoldestalentsinspirs-Desinstantsdebonheur141-683x1024.jpg\" alt=\"\" class=\"wp-image-2729\" srcset=\"https:\/\/www.sophiejelger.fr\/wp-content\/uploads\/2025\/12\/MarchdeNoldestalentsinspirs-Desinstantsdebonheur141-683x1024.jpg 683w, https:\/\/www.sophiejelger.fr\/wp-content\/uploads\/2025\/12\/MarchdeNoldestalentsinspirs-Desinstantsdebonheur141-200x300.jpg 200w, https:\/\/www.sophiejelger.fr\/wp-content\/uploads\/2025\/12\/MarchdeNoldestalentsinspirs-Desinstantsdebonheur141-768x1152.jpg 768w, https:\/\/www.sophiejelger.fr\/wp-content\/uploads\/2025\/12\/MarchdeNoldestalentsinspirs-Desinstantsdebonheur141-scaled.jpg 1707w\" sizes=\"auto, (max-width: 683px) 100vw, 683px\" \/><button\n\t\t\tclass=\"lightbox-trigger\"\n\t\t\ttype=\"button\"\n\t\t\taria-haspopup=\"dialog\"\n\t\t\taria-label=\"Agrandir\"\n\t\t\tdata-wp-init=\"callbacks.initTriggerButton\"\n\t\t\tdata-wp-on--click=\"actions.showLightbox\"\n\t\t\tdata-wp-style--right=\"state.imageButtonRight\"\n\t\t\tdata-wp-style--top=\"state.imageButtonTop\"\n\t\t>\n\t\t\t<svg xmlns=\"http:\/\/www.w3.org\/2000\/svg\" width=\"12\" height=\"12\" fill=\"none\" viewBox=\"0 0 12 12\">\n\t\t\t\t<path fill=\"#fff\" d=\"M2 0a2 2 0 0 0-2 2v2h1.5V2a.5.5 0 0 1 .5-.5h2V0H2Zm2 10.5H2a.5.5 0 0 1-.5-.5V8H0v2a2 2 0 0 0 2 2h2v-1.5ZM8 12v-1.5h2a.5.5 0 0 0 .5-.5V8H12v2a2 2 0 0 1-2 2H8Zm2-12a2 2 0 0 1 2 2v2h-1.5V2a.5.5 0 0 0-.5-.5H8V0h2Z\" \/>\n\t\t\t<\/svg>\n\t\t<\/button><figcaption class=\"wp-element-caption\"><a href=\"https:\/\/www.kneckesetcompagnie.com\/\" target=\"_blank\" rel=\"noreferrer noopener\">Kneckes &amp; Compagnie<\/a><\/figcaption><\/figure>\n\n\n\n<figure data-wp-context=\"{&quot;imageId&quot;:&quot;69f276a20c0fb&quot;}\" data-wp-interactive=\"core\/image\" data-wp-key=\"69f276a20c0fb\" class=\"wp-block-image size-full wp-lightbox-container\"><img loading=\"lazy\" decoding=\"async\" width=\"590\" height=\"788\" data-wp-class--hide=\"state.isContentHidden\" data-wp-class--show=\"state.isContentVisible\" data-wp-init=\"callbacks.setButtonStyles\" data-wp-on--click=\"actions.showLightbox\" data-wp-on--load=\"callbacks.setButtonStyles\" data-wp-on-window--resize=\"callbacks.setButtonStyles\" data-id=\"2744\" src=\"https:\/\/www.sophiejelger.fr\/wp-content\/uploads\/2025\/12\/Maison-Colette-1.jpg\" alt=\"\" class=\"wp-image-2744\" srcset=\"https:\/\/www.sophiejelger.fr\/wp-content\/uploads\/2025\/12\/Maison-Colette-1.jpg 590w, https:\/\/www.sophiejelger.fr\/wp-content\/uploads\/2025\/12\/Maison-Colette-1-225x300.jpg 225w\" sizes=\"auto, (max-width: 590px) 100vw, 590px\" \/><button\n\t\t\tclass=\"lightbox-trigger\"\n\t\t\ttype=\"button\"\n\t\t\taria-haspopup=\"dialog\"\n\t\t\taria-label=\"Agrandir\"\n\t\t\tdata-wp-init=\"callbacks.initTriggerButton\"\n\t\t\tdata-wp-on--click=\"actions.showLightbox\"\n\t\t\tdata-wp-style--right=\"state.imageButtonRight\"\n\t\t\tdata-wp-style--top=\"state.imageButtonTop\"\n\t\t>\n\t\t\t<svg xmlns=\"http:\/\/www.w3.org\/2000\/svg\" width=\"12\" height=\"12\" fill=\"none\" viewBox=\"0 0 12 12\">\n\t\t\t\t<path fill=\"#fff\" d=\"M2 0a2 2 0 0 0-2 2v2h1.5V2a.5.5 0 0 1 .5-.5h2V0H2Zm2 10.5H2a.5.5 0 0 1-.5-.5V8H0v2a2 2 0 0 0 2 2h2v-1.5ZM8 12v-1.5h2a.5.5 0 0 0 .5-.5V8H12v2a2 2 0 0 1-2 2H8Zm2-12a2 2 0 0 1 2 2v2h-1.5V2a.5.5 0 0 0-.5-.5H8V0h2Z\" \/>\n\t\t\t<\/svg>\n\t\t<\/button><figcaption class=\"wp-element-caption\"><a href=\"https:\/\/www.instagram.com\/maison.colette_\/?hl=fr\" target=\"_blank\" rel=\"noreferrer noopener\">Maison Colette<\/a><\/figcaption><\/figure>\n\n\n\n<figure data-wp-context=\"{&quot;imageId&quot;:&quot;69f276a20c4ad&quot;}\" data-wp-interactive=\"core\/image\" data-wp-key=\"69f276a20c4ad\" class=\"wp-block-image size-large wp-lightbox-container\"><img loading=\"lazy\" decoding=\"async\" width=\"1702\" height=\"2560\" data-wp-class--hide=\"state.isContentHidden\" data-wp-class--show=\"state.isContentVisible\" data-wp-init=\"callbacks.setButtonStyles\" data-wp-on--click=\"actions.showLightbox\" data-wp-on--load=\"callbacks.setButtonStyles\" data-wp-on-window--resize=\"callbacks.setButtonStyles\" data-id=\"2725\" src=\"https:\/\/www.sophiejelger.fr\/wp-content\/uploads\/2025\/12\/MaisonPrimavera-scaled.jpg\" alt=\"\" class=\"wp-image-2725\" srcset=\"https:\/\/www.sophiejelger.fr\/wp-content\/uploads\/2025\/12\/MaisonPrimavera-scaled.jpg 1702w, https:\/\/www.sophiejelger.fr\/wp-content\/uploads\/2025\/12\/MaisonPrimavera-199x300.jpg 199w\" sizes=\"auto, (max-width: 1702px) 100vw, 1702px\" \/><button\n\t\t\tclass=\"lightbox-trigger\"\n\t\t\ttype=\"button\"\n\t\t\taria-haspopup=\"dialog\"\n\t\t\taria-label=\"Agrandir\"\n\t\t\tdata-wp-init=\"callbacks.initTriggerButton\"\n\t\t\tdata-wp-on--click=\"actions.showLightbox\"\n\t\t\tdata-wp-style--right=\"state.imageButtonRight\"\n\t\t\tdata-wp-style--top=\"state.imageButtonTop\"\n\t\t>\n\t\t\t<svg xmlns=\"http:\/\/www.w3.org\/2000\/svg\" width=\"12\" height=\"12\" fill=\"none\" viewBox=\"0 0 12 12\">\n\t\t\t\t<path fill=\"#fff\" d=\"M2 0a2 2 0 0 0-2 2v2h1.5V2a.5.5 0 0 1 .5-.5h2V0H2Zm2 10.5H2a.5.5 0 0 1-.5-.5V8H0v2a2 2 0 0 0 2 2h2v-1.5ZM8 12v-1.5h2a.5.5 0 0 0 .5-.5V8H12v2a2 2 0 0 1-2 2H8Zm2-12a2 2 0 0 1 2 2v2h-1.5V2a.5.5 0 0 0-.5-.5H8V0h2Z\" \/>\n\t\t\t<\/svg>\n\t\t<\/button><figcaption class=\"wp-element-caption\"><a href=\"https:\/\/maisonprimavera.fr\/\" target=\"_blank\" rel=\"noreferrer noopener\">Maison Primavera<\/a><\/figcaption><\/figure>\n\n\n\n<figure data-wp-context=\"{&quot;imageId&quot;:&quot;69f276a20c7fe&quot;}\" data-wp-interactive=\"core\/image\" data-wp-key=\"69f276a20c7fe\" class=\"wp-block-image size-large wp-lightbox-container\"><img loading=\"lazy\" decoding=\"async\" width=\"768\" height=\"1024\" data-wp-class--hide=\"state.isContentHidden\" data-wp-class--show=\"state.isContentVisible\" data-wp-init=\"callbacks.setButtonStyles\" data-wp-on--click=\"actions.showLightbox\" data-wp-on--load=\"callbacks.setButtonStyles\" data-wp-on-window--resize=\"callbacks.setButtonStyles\" data-id=\"2728\" src=\"https:\/\/www.sophiejelger.fr\/wp-content\/uploads\/2025\/12\/MateriaPrima-768x1024.jpg\" alt=\"\" class=\"wp-image-2728\" srcset=\"https:\/\/www.sophiejelger.fr\/wp-content\/uploads\/2025\/12\/MateriaPrima-768x1024.jpg 768w, https:\/\/www.sophiejelger.fr\/wp-content\/uploads\/2025\/12\/MateriaPrima-225x300.jpg 225w, https:\/\/www.sophiejelger.fr\/wp-content\/uploads\/2025\/12\/MateriaPrima-1152x1536.jpg 1152w, https:\/\/www.sophiejelger.fr\/wp-content\/uploads\/2025\/12\/MateriaPrima-1536x2048.jpg 1536w, https:\/\/www.sophiejelger.fr\/wp-content\/uploads\/2025\/12\/MateriaPrima-scaled.jpg 1920w\" sizes=\"auto, (max-width: 768px) 100vw, 768px\" \/><button\n\t\t\tclass=\"lightbox-trigger\"\n\t\t\ttype=\"button\"\n\t\t\taria-haspopup=\"dialog\"\n\t\t\taria-label=\"Agrandir\"\n\t\t\tdata-wp-init=\"callbacks.initTriggerButton\"\n\t\t\tdata-wp-on--click=\"actions.showLightbox\"\n\t\t\tdata-wp-style--right=\"state.imageButtonRight\"\n\t\t\tdata-wp-style--top=\"state.imageButtonTop\"\n\t\t>\n\t\t\t<svg xmlns=\"http:\/\/www.w3.org\/2000\/svg\" width=\"12\" height=\"12\" fill=\"none\" viewBox=\"0 0 12 12\">\n\t\t\t\t<path fill=\"#fff\" d=\"M2 0a2 2 0 0 0-2 2v2h1.5V2a.5.5 0 0 1 .5-.5h2V0H2Zm2 10.5H2a.5.5 0 0 1-.5-.5V8H0v2a2 2 0 0 0 2 2h2v-1.5ZM8 12v-1.5h2a.5.5 0 0 0 .5-.5V8H12v2a2 2 0 0 1-2 2H8Zm2-12a2 2 0 0 1 2 2v2h-1.5V2a.5.5 0 0 0-.5-.5H8V0h2Z\" \/>\n\t\t\t<\/svg>\n\t\t<\/button><figcaption class=\"wp-element-caption\"><a href=\"https:\/\/materia-prima.store\/\" target=\"_blank\" rel=\"noreferrer noopener\">Materia Prima<\/a><\/figcaption><\/figure>\n\n\n\n<figure data-wp-context=\"{&quot;imageId&quot;:&quot;69f276a20cb48&quot;}\" data-wp-interactive=\"core\/image\" data-wp-key=\"69f276a20cb48\" class=\"wp-block-image size-large wp-lightbox-container\"><img loading=\"lazy\" decoding=\"async\" width=\"532\" height=\"1024\" data-wp-class--hide=\"state.isContentHidden\" data-wp-class--show=\"state.isContentVisible\" data-wp-init=\"callbacks.setButtonStyles\" data-wp-on--click=\"actions.showLightbox\" data-wp-on--load=\"callbacks.setButtonStyles\" data-wp-on-window--resize=\"callbacks.setButtonStyles\" data-id=\"2733\" src=\"https:\/\/www.sophiejelger.fr\/wp-content\/uploads\/2025\/12\/nathalys.pottery-1-532x1024.jpg\" alt=\"\" class=\"wp-image-2733\" srcset=\"https:\/\/www.sophiejelger.fr\/wp-content\/uploads\/2025\/12\/nathalys.pottery-1-532x1024.jpg 532w, https:\/\/www.sophiejelger.fr\/wp-content\/uploads\/2025\/12\/nathalys.pottery-1-156x300.jpg 156w, https:\/\/www.sophiejelger.fr\/wp-content\/uploads\/2025\/12\/nathalys.pottery-1-768x1478.jpg 768w, https:\/\/www.sophiejelger.fr\/wp-content\/uploads\/2025\/12\/nathalys.pottery-1-798x1536.jpg 798w, https:\/\/www.sophiejelger.fr\/wp-content\/uploads\/2025\/12\/nathalys.pottery-1.jpg 918w\" sizes=\"auto, (max-width: 532px) 100vw, 532px\" \/><button\n\t\t\tclass=\"lightbox-trigger\"\n\t\t\ttype=\"button\"\n\t\t\taria-haspopup=\"dialog\"\n\t\t\taria-label=\"Agrandir\"\n\t\t\tdata-wp-init=\"callbacks.initTriggerButton\"\n\t\t\tdata-wp-on--click=\"actions.showLightbox\"\n\t\t\tdata-wp-style--right=\"state.imageButtonRight\"\n\t\t\tdata-wp-style--top=\"state.imageButtonTop\"\n\t\t>\n\t\t\t<svg xmlns=\"http:\/\/www.w3.org\/2000\/svg\" width=\"12\" height=\"12\" fill=\"none\" viewBox=\"0 0 12 12\">\n\t\t\t\t<path fill=\"#fff\" d=\"M2 0a2 2 0 0 0-2 2v2h1.5V2a.5.5 0 0 1 .5-.5h2V0H2Zm2 10.5H2a.5.5 0 0 1-.5-.5V8H0v2a2 2 0 0 0 2 2h2v-1.5ZM8 12v-1.5h2a.5.5 0 0 0 .5-.5V8H12v2a2 2 0 0 1-2 2H8Zm2-12a2 2 0 0 1 2 2v2h-1.5V2a.5.5 0 0 0-.5-.5H8V0h2Z\" \/>\n\t\t\t<\/svg>\n\t\t<\/button><figcaption class=\"wp-element-caption\"><a href=\"https:\/\/www.instagram.com\/nathalys.pottery\/\" target=\"_blank\" rel=\"noreferrer noopener\">Nathalys Pottery<\/a><\/figcaption><\/figure>\n\n\n\n<figure data-wp-context=\"{&quot;imageId&quot;:&quot;69f276a20ce86&quot;}\" data-wp-interactive=\"core\/image\" data-wp-key=\"69f276a20ce86\" class=\"wp-block-image size-large wp-lightbox-container\"><img loading=\"lazy\" decoding=\"async\" width=\"2560\" height=\"1920\" data-wp-class--hide=\"state.isContentHidden\" data-wp-class--show=\"state.isContentVisible\" data-wp-init=\"callbacks.setButtonStyles\" data-wp-on--click=\"actions.showLightbox\" data-wp-on--load=\"callbacks.setButtonStyles\" data-wp-on-window--resize=\"callbacks.setButtonStyles\" data-id=\"2722\" src=\"https:\/\/www.sophiejelger.fr\/wp-content\/uploads\/2025\/12\/Nuancesvagabondes-scaled.jpeg\" alt=\"\" class=\"wp-image-2722\" srcset=\"https:\/\/www.sophiejelger.fr\/wp-content\/uploads\/2025\/12\/Nuancesvagabondes-scaled.jpeg 2560w, https:\/\/www.sophiejelger.fr\/wp-content\/uploads\/2025\/12\/Nuancesvagabondes-300x225.jpeg 300w\" sizes=\"auto, (max-width: 2560px) 100vw, 2560px\" \/><button\n\t\t\tclass=\"lightbox-trigger\"\n\t\t\ttype=\"button\"\n\t\t\taria-haspopup=\"dialog\"\n\t\t\taria-label=\"Agrandir\"\n\t\t\tdata-wp-init=\"callbacks.initTriggerButton\"\n\t\t\tdata-wp-on--click=\"actions.showLightbox\"\n\t\t\tdata-wp-style--right=\"state.imageButtonRight\"\n\t\t\tdata-wp-style--top=\"state.imageButtonTop\"\n\t\t>\n\t\t\t<svg xmlns=\"http:\/\/www.w3.org\/2000\/svg\" width=\"12\" height=\"12\" fill=\"none\" viewBox=\"0 0 12 12\">\n\t\t\t\t<path fill=\"#fff\" d=\"M2 0a2 2 0 0 0-2 2v2h1.5V2a.5.5 0 0 1 .5-.5h2V0H2Zm2 10.5H2a.5.5 0 0 1-.5-.5V8H0v2a2 2 0 0 0 2 2h2v-1.5ZM8 12v-1.5h2a.5.5 0 0 0 .5-.5V8H12v2a2 2 0 0 1-2 2H8Zm2-12a2 2 0 0 1 2 2v2h-1.5V2a.5.5 0 0 0-.5-.5H8V0h2Z\" \/>\n\t\t\t<\/svg>\n\t\t<\/button><figcaption class=\"wp-element-caption\"><a href=\"https:\/\/www.nuancesvagabondes.com\/\" target=\"_blank\" rel=\"noreferrer noopener\">Nuances Vagabondes<\/a><\/figcaption><\/figure>\n\n\n\n<figure data-wp-context=\"{&quot;imageId&quot;:&quot;69f276a20d1b3&quot;}\" data-wp-interactive=\"core\/image\" data-wp-key=\"69f276a20d1b3\" class=\"wp-block-image size-large wp-lightbox-container\"><img loading=\"lazy\" decoding=\"async\" width=\"768\" height=\"1024\" data-wp-class--hide=\"state.isContentHidden\" data-wp-class--show=\"state.isContentVisible\" data-wp-init=\"callbacks.setButtonStyles\" data-wp-on--click=\"actions.showLightbox\" data-wp-on--load=\"callbacks.setButtonStyles\" data-wp-on-window--resize=\"callbacks.setButtonStyles\" data-id=\"2747\" src=\"https:\/\/www.sophiejelger.fr\/wp-content\/uploads\/2025\/12\/Paulasuruncoindetable-768x1024.jpg\" alt=\"\" class=\"wp-image-2747\" srcset=\"https:\/\/www.sophiejelger.fr\/wp-content\/uploads\/2025\/12\/Paulasuruncoindetable-768x1024.jpg 768w, https:\/\/www.sophiejelger.fr\/wp-content\/uploads\/2025\/12\/Paulasuruncoindetable-225x300.jpg 225w, https:\/\/www.sophiejelger.fr\/wp-content\/uploads\/2025\/12\/Paulasuruncoindetable-1152x1536.jpg 1152w, https:\/\/www.sophiejelger.fr\/wp-content\/uploads\/2025\/12\/Paulasuruncoindetable.jpg 1200w\" sizes=\"auto, (max-width: 768px) 100vw, 768px\" \/><button\n\t\t\tclass=\"lightbox-trigger\"\n\t\t\ttype=\"button\"\n\t\t\taria-haspopup=\"dialog\"\n\t\t\taria-label=\"Agrandir\"\n\t\t\tdata-wp-init=\"callbacks.initTriggerButton\"\n\t\t\tdata-wp-on--click=\"actions.showLightbox\"\n\t\t\tdata-wp-style--right=\"state.imageButtonRight\"\n\t\t\tdata-wp-style--top=\"state.imageButtonTop\"\n\t\t>\n\t\t\t<svg xmlns=\"http:\/\/www.w3.org\/2000\/svg\" width=\"12\" height=\"12\" fill=\"none\" viewBox=\"0 0 12 12\">\n\t\t\t\t<path fill=\"#fff\" d=\"M2 0a2 2 0 0 0-2 2v2h1.5V2a.5.5 0 0 1 .5-.5h2V0H2Zm2 10.5H2a.5.5 0 0 1-.5-.5V8H0v2a2 2 0 0 0 2 2h2v-1.5ZM8 12v-1.5h2a.5.5 0 0 0 .5-.5V8H12v2a2 2 0 0 1-2 2H8Zm2-12a2 2 0 0 1 2 2v2h-1.5V2a.5.5 0 0 0-.5-.5H8V0h2Z\" \/>\n\t\t\t<\/svg>\n\t\t<\/button><figcaption class=\"wp-element-caption\"><a href=\"https:\/\/www.instagram.com\/paula_sur_un_coin_de_table\/?igsh=MWR1MGQ1bmR1NnJkbQ%3D%3D&amp;utm_source=qr#\" target=\"_blank\" rel=\"noreferrer noopener\">Paula sur un coin de table<\/a><\/figcaption><\/figure>\n\n\n\n<figure data-wp-context=\"{&quot;imageId&quot;:&quot;69f276a20d51c&quot;}\" data-wp-interactive=\"core\/image\" data-wp-key=\"69f276a20d51c\" class=\"wp-block-image size-large wp-lightbox-container\"><img loading=\"lazy\" decoding=\"async\" width=\"750\" height=\"555\" data-wp-class--hide=\"state.isContentHidden\" data-wp-class--show=\"state.isContentVisible\" data-wp-init=\"callbacks.setButtonStyles\" data-wp-on--click=\"actions.showLightbox\" data-wp-on--load=\"callbacks.setButtonStyles\" data-wp-on-window--resize=\"callbacks.setButtonStyles\" data-id=\"2746\" src=\"https:\/\/www.sophiejelger.fr\/wp-content\/uploads\/2025\/12\/Petuya.jpg\" alt=\"\" class=\"wp-image-2746\" srcset=\"https:\/\/www.sophiejelger.fr\/wp-content\/uploads\/2025\/12\/Petuya.jpg 750w, https:\/\/www.sophiejelger.fr\/wp-content\/uploads\/2025\/12\/Petuya-300x222.jpg 300w\" sizes=\"auto, (max-width: 750px) 100vw, 750px\" \/><button\n\t\t\tclass=\"lightbox-trigger\"\n\t\t\ttype=\"button\"\n\t\t\taria-haspopup=\"dialog\"\n\t\t\taria-label=\"Agrandir\"\n\t\t\tdata-wp-init=\"callbacks.initTriggerButton\"\n\t\t\tdata-wp-on--click=\"actions.showLightbox\"\n\t\t\tdata-wp-style--right=\"state.imageButtonRight\"\n\t\t\tdata-wp-style--top=\"state.imageButtonTop\"\n\t\t>\n\t\t\t<svg xmlns=\"http:\/\/www.w3.org\/2000\/svg\" width=\"12\" height=\"12\" fill=\"none\" viewBox=\"0 0 12 12\">\n\t\t\t\t<path fill=\"#fff\" d=\"M2 0a2 2 0 0 0-2 2v2h1.5V2a.5.5 0 0 1 .5-.5h2V0H2Zm2 10.5H2a.5.5 0 0 1-.5-.5V8H0v2a2 2 0 0 0 2 2h2v-1.5ZM8 12v-1.5h2a.5.5 0 0 0 .5-.5V8H12v2a2 2 0 0 1-2 2H8Zm2-12a2 2 0 0 1 2 2v2h-1.5V2a.5.5 0 0 0-.5-.5H8V0h2Z\" \/>\n\t\t\t<\/svg>\n\t\t<\/button><figcaption class=\"wp-element-caption\"><a href=\"https:\/\/www.petuya.fr\/\" target=\"_blank\" rel=\"noreferrer noopener\">Petuya<\/a><\/figcaption><\/figure>\n\n\n\n<figure data-wp-context=\"{&quot;imageId&quot;:&quot;69f276a20d87f&quot;}\" data-wp-interactive=\"core\/image\" data-wp-key=\"69f276a20d87f\" class=\"wp-block-image size-large wp-lightbox-container\"><img loading=\"lazy\" decoding=\"async\" width=\"684\" height=\"1024\" data-wp-class--hide=\"state.isContentHidden\" data-wp-class--show=\"state.isContentVisible\" data-wp-init=\"callbacks.setButtonStyles\" data-wp-on--click=\"actions.showLightbox\" data-wp-on--load=\"callbacks.setButtonStyles\" data-wp-on-window--resize=\"callbacks.setButtonStyles\" data-id=\"2720\" src=\"https:\/\/www.sophiejelger.fr\/wp-content\/uploads\/2025\/12\/RachelTacquard-684x1024.jpeg\" alt=\"\" class=\"wp-image-2720\" srcset=\"https:\/\/www.sophiejelger.fr\/wp-content\/uploads\/2025\/12\/RachelTacquard-684x1024.jpeg 684w, https:\/\/www.sophiejelger.fr\/wp-content\/uploads\/2025\/12\/RachelTacquard-200x300.jpeg 200w, https:\/\/www.sophiejelger.fr\/wp-content\/uploads\/2025\/12\/RachelTacquard-768x1151.jpeg 768w, https:\/\/www.sophiejelger.fr\/wp-content\/uploads\/2025\/12\/RachelTacquard-1025x1536.jpeg 1025w, https:\/\/www.sophiejelger.fr\/wp-content\/uploads\/2025\/12\/RachelTacquard.jpeg 1367w\" sizes=\"auto, (max-width: 684px) 100vw, 684px\" \/><button\n\t\t\tclass=\"lightbox-trigger\"\n\t\t\ttype=\"button\"\n\t\t\taria-haspopup=\"dialog\"\n\t\t\taria-label=\"Agrandir\"\n\t\t\tdata-wp-init=\"callbacks.initTriggerButton\"\n\t\t\tdata-wp-on--click=\"actions.showLightbox\"\n\t\t\tdata-wp-style--right=\"state.imageButtonRight\"\n\t\t\tdata-wp-style--top=\"state.imageButtonTop\"\n\t\t>\n\t\t\t<svg xmlns=\"http:\/\/www.w3.org\/2000\/svg\" width=\"12\" height=\"12\" fill=\"none\" viewBox=\"0 0 12 12\">\n\t\t\t\t<path fill=\"#fff\" d=\"M2 0a2 2 0 0 0-2 2v2h1.5V2a.5.5 0 0 1 .5-.5h2V0H2Zm2 10.5H2a.5.5 0 0 1-.5-.5V8H0v2a2 2 0 0 0 2 2h2v-1.5ZM8 12v-1.5h2a.5.5 0 0 0 .5-.5V8H12v2a2 2 0 0 1-2 2H8Zm2-12a2 2 0 0 1 2 2v2h-1.5V2a.5.5 0 0 0-.5-.5H8V0h2Z\" \/>\n\t\t\t<\/svg>\n\t\t<\/button><figcaption class=\"wp-element-caption\"><a href=\"https:\/\/racheltacquard.com\/\" target=\"_blank\" rel=\"noreferrer noopener\">Rachel Tacquard<\/a><\/figcaption><\/figure>\n\n\n\n<figure data-wp-context=\"{&quot;imageId&quot;:&quot;69f276a20dbe7&quot;}\" data-wp-interactive=\"core\/image\" data-wp-key=\"69f276a20dbe7\" class=\"wp-block-image size-large wp-lightbox-container\"><img loading=\"lazy\" decoding=\"async\" width=\"1024\" height=\"576\" data-wp-class--hide=\"state.isContentHidden\" data-wp-class--show=\"state.isContentVisible\" data-wp-init=\"callbacks.setButtonStyles\" data-wp-on--click=\"actions.showLightbox\" data-wp-on--load=\"callbacks.setButtonStyles\" data-wp-on-window--resize=\"callbacks.setButtonStyles\" data-id=\"2734\" src=\"https:\/\/www.sophiejelger.fr\/wp-content\/uploads\/2025\/12\/Rosalyne-1024x576.jpeg\" alt=\"\" class=\"wp-image-2734\" srcset=\"https:\/\/www.sophiejelger.fr\/wp-content\/uploads\/2025\/12\/Rosalyne-1024x576.jpeg 1024w, https:\/\/www.sophiejelger.fr\/wp-content\/uploads\/2025\/12\/Rosalyne-300x169.jpeg 300w, https:\/\/www.sophiejelger.fr\/wp-content\/uploads\/2025\/12\/Rosalyne-768x432.jpeg 768w, https:\/\/www.sophiejelger.fr\/wp-content\/uploads\/2025\/12\/Rosalyne-1536x864.jpeg 1536w, https:\/\/www.sophiejelger.fr\/wp-content\/uploads\/2025\/12\/Rosalyne.jpeg 1600w\" sizes=\"auto, (max-width: 1024px) 100vw, 1024px\" \/><button\n\t\t\tclass=\"lightbox-trigger\"\n\t\t\ttype=\"button\"\n\t\t\taria-haspopup=\"dialog\"\n\t\t\taria-label=\"Agrandir\"\n\t\t\tdata-wp-init=\"callbacks.initTriggerButton\"\n\t\t\tdata-wp-on--click=\"actions.showLightbox\"\n\t\t\tdata-wp-style--right=\"state.imageButtonRight\"\n\t\t\tdata-wp-style--top=\"state.imageButtonTop\"\n\t\t>\n\t\t\t<svg xmlns=\"http:\/\/www.w3.org\/2000\/svg\" width=\"12\" height=\"12\" fill=\"none\" viewBox=\"0 0 12 12\">\n\t\t\t\t<path fill=\"#fff\" d=\"M2 0a2 2 0 0 0-2 2v2h1.5V2a.5.5 0 0 1 .5-.5h2V0H2Zm2 10.5H2a.5.5 0 0 1-.5-.5V8H0v2a2 2 0 0 0 2 2h2v-1.5ZM8 12v-1.5h2a.5.5 0 0 0 .5-.5V8H12v2a2 2 0 0 1-2 2H8Zm2-12a2 2 0 0 1 2 2v2h-1.5V2a.5.5 0 0 0-.5-.5H8V0h2Z\" \/>\n\t\t\t<\/svg>\n\t\t<\/button><figcaption class=\"wp-element-caption\"><a href=\"https:\/\/rosalyne-creations.fr\/\" target=\"_blank\" rel=\"noreferrer noopener\">Rosalyne<\/a><\/figcaption><\/figure>\n\n\n\n<figure data-wp-context=\"{&quot;imageId&quot;:&quot;69f276a20df34&quot;}\" data-wp-interactive=\"core\/image\" data-wp-key=\"69f276a20df34\" class=\"wp-block-image size-large wp-lightbox-container\"><img loading=\"lazy\" decoding=\"async\" width=\"768\" height=\"1024\" data-wp-class--hide=\"state.isContentHidden\" data-wp-class--show=\"state.isContentVisible\" data-wp-init=\"callbacks.setButtonStyles\" data-wp-on--click=\"actions.showLightbox\" data-wp-on--load=\"callbacks.setButtonStyles\" data-wp-on-window--resize=\"callbacks.setButtonStyles\" data-id=\"2721\" src=\"https:\/\/www.sophiejelger.fr\/wp-content\/uploads\/2025\/12\/Speichenko-768x1024.jpeg\" alt=\"\" class=\"wp-image-2721\" srcset=\"https:\/\/www.sophiejelger.fr\/wp-content\/uploads\/2025\/12\/Speichenko-768x1024.jpeg 768w, https:\/\/www.sophiejelger.fr\/wp-content\/uploads\/2025\/12\/Speichenko-225x300.jpeg 225w, https:\/\/www.sophiejelger.fr\/wp-content\/uploads\/2025\/12\/Speichenko-1152x1536.jpeg 1152w, https:\/\/www.sophiejelger.fr\/wp-content\/uploads\/2025\/12\/Speichenko-1536x2048.jpeg 1536w, https:\/\/www.sophiejelger.fr\/wp-content\/uploads\/2025\/12\/Speichenko-scaled.jpeg 1920w\" sizes=\"auto, (max-width: 768px) 100vw, 768px\" \/><button\n\t\t\tclass=\"lightbox-trigger\"\n\t\t\ttype=\"button\"\n\t\t\taria-haspopup=\"dialog\"\n\t\t\taria-label=\"Agrandir\"\n\t\t\tdata-wp-init=\"callbacks.initTriggerButton\"\n\t\t\tdata-wp-on--click=\"actions.showLightbox\"\n\t\t\tdata-wp-style--right=\"state.imageButtonRight\"\n\t\t\tdata-wp-style--top=\"state.imageButtonTop\"\n\t\t>\n\t\t\t<svg xmlns=\"http:\/\/www.w3.org\/2000\/svg\" width=\"12\" height=\"12\" fill=\"none\" viewBox=\"0 0 12 12\">\n\t\t\t\t<path fill=\"#fff\" d=\"M2 0a2 2 0 0 0-2 2v2h1.5V2a.5.5 0 0 1 .5-.5h2V0H2Zm2 10.5H2a.5.5 0 0 1-.5-.5V8H0v2a2 2 0 0 0 2 2h2v-1.5ZM8 12v-1.5h2a.5.5 0 0 0 .5-.5V8H12v2a2 2 0 0 1-2 2H8Zm2-12a2 2 0 0 1 2 2v2h-1.5V2a.5.5 0 0 0-.5-.5H8V0h2Z\" \/>\n\t\t\t<\/svg>\n\t\t<\/button><figcaption class=\"wp-element-caption\"><a href=\"https:\/\/speichenko.fr\/\" target=\"_blank\" rel=\"noreferrer noopener\">Speichenko<\/a><\/figcaption><\/figure>\n\n\n\n<figure data-wp-context=\"{&quot;imageId&quot;:&quot;69f276a20e291&quot;}\" data-wp-interactive=\"core\/image\" data-wp-key=\"69f276a20e291\" class=\"wp-block-image size-large wp-lightbox-container\"><img loading=\"lazy\" decoding=\"async\" width=\"480\" height=\"640\" data-wp-class--hide=\"state.isContentHidden\" data-wp-class--show=\"state.isContentVisible\" data-wp-init=\"callbacks.setButtonStyles\" data-wp-on--click=\"actions.showLightbox\" data-wp-on--load=\"callbacks.setButtonStyles\" data-wp-on-window--resize=\"callbacks.setButtonStyles\" data-id=\"2715\" src=\"https:\/\/www.sophiejelger.fr\/wp-content\/uploads\/2025\/12\/Unefenetreeclairee-rotated.jpg\" alt=\"\" class=\"wp-image-2715\" srcset=\"https:\/\/www.sophiejelger.fr\/wp-content\/uploads\/2025\/12\/Unefenetreeclairee-rotated.jpg 480w, https:\/\/www.sophiejelger.fr\/wp-content\/uploads\/2025\/12\/Unefenetreeclairee-225x300.jpg 225w\" sizes=\"auto, (max-width: 480px) 100vw, 480px\" \/><button\n\t\t\tclass=\"lightbox-trigger\"\n\t\t\ttype=\"button\"\n\t\t\taria-haspopup=\"dialog\"\n\t\t\taria-label=\"Agrandir\"\n\t\t\tdata-wp-init=\"callbacks.initTriggerButton\"\n\t\t\tdata-wp-on--click=\"actions.showLightbox\"\n\t\t\tdata-wp-style--right=\"state.imageButtonRight\"\n\t\t\tdata-wp-style--top=\"state.imageButtonTop\"\n\t\t>\n\t\t\t<svg xmlns=\"http:\/\/www.w3.org\/2000\/svg\" width=\"12\" height=\"12\" fill=\"none\" viewBox=\"0 0 12 12\">\n\t\t\t\t<path fill=\"#fff\" d=\"M2 0a2 2 0 0 0-2 2v2h1.5V2a.5.5 0 0 1 .5-.5h2V0H2Zm2 10.5H2a.5.5 0 0 1-.5-.5V8H0v2a2 2 0 0 0 2 2h2v-1.5ZM8 12v-1.5h2a.5.5 0 0 0 .5-.5V8H12v2a2 2 0 0 1-2 2H8Zm2-12a2 2 0 0 1 2 2v2h-1.5V2a.5.5 0 0 0-.5-.5H8V0h2Z\" \/>\n\t\t\t<\/svg>\n\t\t<\/button><figcaption class=\"wp-element-caption\"><a href=\"https:\/\/www.unefenetreeclairee.fr\/FR\/\" target=\"_blank\" rel=\"noreferrer noopener\">Une fen\u00eatre \u00e9clair\u00e9e<\/a><\/figcaption><\/figure>\n<\/figure>\n\n\n\n<h2 class=\"wp-block-heading\"><br><strong>Mon engagement pour un design int\u00e9rieur durable : un fil rouge entre ce march\u00e9 et ma mission d\u2019ambassadrice<\/strong><\/h2>\n\n\n\n<p>Participer au March\u00e9 des Talents Inspir\u00e9s a r\u00e9sonn\u00e9 profond\u00e9ment avec un autre engagement qui me tient \u00e0 c\u0153ur. Celle de ma mission d\u2019ambassadrice locale du <a href=\"https:\/\/www.ecoledudesigninterieurdurable.fr\/design-interieur-durable-club\/\" target=\"_blank\" rel=\"noreferrer noopener\">Design Int\u00e9rieur Durable Club (DID Club)<\/a> de Mulhouse. Un r\u00e9seau professionnel port\u00e9 par l\u2019<a href=\"https:\/\/www.ecoledudesigninterieurdurable.fr\/\" target=\"_blank\" rel=\"noreferrer noopener\">\u00c9cole du Design Int\u00e9rieur Durable<\/a>. Ce r\u00f4le prolonge naturellement ma vision : celle d\u2019un habitat plus sain, plus responsable et profond\u00e9ment ancr\u00e9 dans le local.<br><br>Le DID Club, c\u2019est un rendez-vous mensuel qui rassemble architectes, d\u00e9corateurs, artisans, designers et professionnels du b\u00e2timent autour d\u2019un m\u00eame objectif : mettre en lumi\u00e8re les acteurs locaux engag\u00e9s, d\u00e9couvrir leurs savoir-faire et \u00e9changer sur les pratiques qui rendent nos m\u00e9tiers plus durables.<br>Chaque rencontre est une immersion dans un univers inspirant : une marque locale, un atelier d\u2019artisan, un projet de r\u00e9novation responsable\u2026 Puis un temps d\u2019\u00e9changes entre professionnels. On partage exp\u00e9riences, solutions et doutes parfois ! Mais avec toujours l\u2019envie d\u2019avancer ensemble vers un design plus conscient. Un espace pour avancer, r\u00e9fl\u00e9chir, s\u2019inspirer, ensemble.<br><br>\u00catre ambassadrice, pour moi, c\u2019est contribuer \u00e0 cr\u00e9er du lien, rapprocher les savoir-faire, valoriser les initiatives locales et encourager chacun \u00e0 avancer vers un design plus responsable : un pas, une id\u00e9e, une rencontre \u00e0 la fois.<br>C\u2019est exactement l\u2019esprit que j\u2019ai retrouv\u00e9 au march\u00e9 :<br>\ud83d\udd39 des rencontres authentiques,<br>\ud83d\udd39 un savoir-faire ancr\u00e9 dans le r\u00e9el,<br>\ud83d\udd39 des mati\u00e8res choisies avec intention,<br>\ud83d\udd39 une cr\u00e9ativit\u00e9 nourrie par le sens et la durabilit\u00e9.<\/p>\n\n\n\n<p>Si vous \u00eates <strong>architecte, architecte d\u2019int\u00e9rieur, d\u00e9corateur\u00b7trice ou artisan du BTP<\/strong> et que la d\u00e9marche \u00e9cologique vous parle, vous pouvez rejoindre notre club local ici :<br>\ud83d\udc49 <a href=\"https:\/\/airtable.com\/appFq6zNOWdTAbao2\/shrRWw7s3m4sZTzLV\" target=\"_blank\" rel=\"noreferrer noopener\">https:\/\/airtable.com\/appFq6zNOWdTAbao2\/shrRWw7s3m4sZTzLV<\/a><\/p>\n\n\n\n<h2 class=\"wp-block-heading\"><strong>Mon regard sur cette \u00e9dition : gratitude, couleurs et humanit\u00e9<\/strong><\/h2>\n\n\n\n<p>Je repars de cette 2\u1d49 \u00e9dition du March\u00e9 des Talents Inspir\u00e9s enrichie, inspir\u00e9e et pleine d\u2019envies nouvelles. Cette journ\u00e9e m\u2019a remplie de gratitude : les visiteurs m\u2019ont touch\u00e9e par leurs sourires, leurs questions et leurs confidences couleur ; les cr\u00e9ateurs, par la sinc\u00e9rit\u00e9 et la force de leur talent. <br>Et bien s\u00fbr, un immense merci \u00e0 Julie Linari et \u00e0 toute l\u2019\u00e9quipe organisatrice Du Beau E BASTA, dont l\u2019engagement met si joliment en lumi\u00e8re le design durable et les m\u00e9tiers d\u2019art.<\/p>\n\n\n\n<h2 class=\"wp-block-heading\"><strong>En conclusion<\/strong>, <strong>un march\u00e9 qui porte bien son nom<\/strong><\/h2>\n\n\n\n<p>Si vous souhaitez d\u00e9couvrir des talents locaux, soutenir l\u2019artisanat, imaginer une d\u00e9coration int\u00e9rieure plus durable et inspir\u00e9e\u2026 alors ne manquez pas la prochaine \u00e9dition du <a href=\"https:\/\/www.instagram.com\/le_marche_des_talents_inspires\/\" target=\"_blank\" rel=\"noreferrer noopener\">March\u00e9 des Talents Inspir\u00e9s<\/a>.<br>Car la d\u00e9coration n\u2019est pas qu\u2019une question d\u2019esth\u00e9tique, c\u2019est une rencontre, une vibration, un suppl\u00e9ment d\u2019\u00e2me\u2026<\/p>\n","protected":false},"excerpt":{"rendered":"<p>Le week-end du 22 et 23 novembre 2025 a marqu\u00e9 une jolie \u00e9tape dans mon parcours\u2026 Ma toute premi\u00e8re participation au March\u00e9 des Talents Inspir\u00e9s \u2013 \u00c9dition de No\u00ebl, au magnifique couvent des Dominicains de Guebwiller. Le march\u00e9 des talents inspir\u00e9s est devenu un rendez-vous incontournable pour tous ceux qui aiment l\u2019artisanat local, la cr\u00e9ation [&hellip;]<\/p>\n","protected":false},"author":1,"featured_media":2699,"comment_status":"closed","ping_status":"open","sticky":false,"template":"","format":"standard","meta":{"footnotes":""},"categories":[10,7,43],"tags":[32,13,16,44],"class_list":["post-2681","post","type-post","status-publish","format-standard","has-post-thumbnail","hentry","category-decoration-eco-responsable","category-decoration-interieure","category-portrait-artisane","tag-artisans-locaux","tag-couleurs","tag-decoration-dinterieur","tag-lumiere"],"_links":{"self":[{"href":"https:\/\/www.sophiejelger.fr\/index.php\/wp-json\/wp\/v2\/posts\/2681","targetHints":{"allow":["GET"]}}],"collection":[{"href":"https:\/\/www.sophiejelger.fr\/index.php\/wp-json\/wp\/v2\/posts"}],"about":[{"href":"https:\/\/www.sophiejelger.fr\/index.php\/wp-json\/wp\/v2\/types\/post"}],"author":[{"embeddable":true,"href":"https:\/\/www.sophiejelger.fr\/index.php\/wp-json\/wp\/v2\/users\/1"}],"replies":[{"embeddable":true,"href":"https:\/\/www.sophiejelger.fr\/index.php\/wp-json\/wp\/v2\/comments?post=2681"}],"version-history":[{"count":24,"href":"https:\/\/www.sophiejelger.fr\/index.php\/wp-json\/wp\/v2\/posts\/2681\/revisions"}],"predecessor-version":[{"id":2753,"href":"https:\/\/www.sophiejelger.fr\/index.php\/wp-json\/wp\/v2\/posts\/2681\/revisions\/2753"}],"wp:featuredmedia":[{"embeddable":true,"href":"https:\/\/www.sophiejelger.fr\/index.php\/wp-json\/wp\/v2\/media\/2699"}],"wp:attachment":[{"href":"https:\/\/www.sophiejelger.fr\/index.php\/wp-json\/wp\/v2\/media?parent=2681"}],"wp:term":[{"taxonomy":"category","embeddable":true,"href":"https:\/\/www.sophiejelger.fr\/index.php\/wp-json\/wp\/v2\/categories?post=2681"},{"taxonomy":"post_tag","embeddable":true,"href":"https:\/\/www.sophiejelger.fr\/index.php\/wp-json\/wp\/v2\/tags?post=2681"}],"curies":[{"name":"wp","href":"https:\/\/api.w.org\/{rel}","templated":true}]}}