{"id":1965,"date":"2025-01-08T14:11:33","date_gmt":"2025-01-08T13:11:33","guid":{"rendered":"https:\/\/www.sophiejelger.fr\/?p=1965"},"modified":"2025-11-07T12:13:58","modified_gmt":"2025-11-07T11:13:58","slug":"une-collaboration-inspirante-avec-boethic-design-interieur-eco-responsable","status":"publish","type":"post","link":"https:\/\/www.sophiejelger.fr\/index.php\/08\/01\/2025\/une-collaboration-inspirante-avec-boethic-design-interieur-eco-responsable\/","title":{"rendered":"Une collaboration inspirante avec Boethic : design int\u00e9rieur \u00e9co-responsable"},"content":{"rendered":"\n<p>Promouvoir un design int\u00e9rieur \u00e9co-responsable et respectueux de l\u2019environnement est au c\u0153ur de mon m\u00e9tier. C\u2019est donc avec beaucoup de fiert\u00e9 que je partage aujourd\u2019hui ma citation dans l\u2019article de <a href=\"https:\/\/www.boethic.com\/\" target=\"_blank\" rel=\"noreferrer noopener\">Boethic<\/a>, un blog r\u00e9f\u00e9rence dans le domaine du design \u00e9thique. <br>Intitul\u00e9 <em>\u00ab\u00a0Un design int\u00e9rieur singulier, sain et \u00e9co-responsable\u00a0\u00bb<\/em>, cet article met en lumi\u00e8re mon engagement en faveur d\u2019une d\u00e9coration respectueuse de la plan\u00e8te et de la sant\u00e9. Il met \u00e9galement en avant ce qui nous lie, l&rsquo;id\u00e9e d&rsquo;une consommation durable et responsable avec pour exemple des artisans comme <a href=\"https:\/\/eboehm.fr\/\" target=\"_blank\" rel=\"noreferrer noopener\">la&nbsp;Maison E.BOEHM<\/a>.&nbsp;<\/p>\n\n\n\n<figure data-wp-context=\"{&quot;imageId&quot;:&quot;69f285b5a3a62&quot;}\" data-wp-interactive=\"core\/image\" data-wp-key=\"69f285b5a3a62\" class=\"wp-block-image aligncenter size-full wp-lightbox-container\"><img loading=\"lazy\" decoding=\"async\" width=\"225\" height=\"225\" data-wp-class--hide=\"state.isContentHidden\" data-wp-class--show=\"state.isContentVisible\" data-wp-init=\"callbacks.setButtonStyles\" data-wp-on--click=\"actions.showLightbox\" data-wp-on--load=\"callbacks.setButtonStyles\" data-wp-on-window--resize=\"callbacks.setButtonStyles\" src=\"https:\/\/www.sophiejelger.fr\/wp-content\/uploads\/2025\/01\/boethic-sophie-jelger.jpeg\" alt=\"blog de d\u00e9coration slow et \u00e9co-responsable\" class=\"wp-image-1967\" srcset=\"https:\/\/www.sophiejelger.fr\/wp-content\/uploads\/2025\/01\/boethic-sophie-jelger.jpeg 225w, https:\/\/www.sophiejelger.fr\/wp-content\/uploads\/2025\/01\/boethic-sophie-jelger-150x150.jpeg 150w\" sizes=\"auto, (max-width: 225px) 100vw, 225px\" \/><button\n\t\t\tclass=\"lightbox-trigger\"\n\t\t\ttype=\"button\"\n\t\t\taria-haspopup=\"dialog\"\n\t\t\taria-label=\"Agrandir\"\n\t\t\tdata-wp-init=\"callbacks.initTriggerButton\"\n\t\t\tdata-wp-on--click=\"actions.showLightbox\"\n\t\t\tdata-wp-style--right=\"state.imageButtonRight\"\n\t\t\tdata-wp-style--top=\"state.imageButtonTop\"\n\t\t>\n\t\t\t<svg xmlns=\"http:\/\/www.w3.org\/2000\/svg\" width=\"12\" height=\"12\" fill=\"none\" viewBox=\"0 0 12 12\">\n\t\t\t\t<path fill=\"#fff\" d=\"M2 0a2 2 0 0 0-2 2v2h1.5V2a.5.5 0 0 1 .5-.5h2V0H2Zm2 10.5H2a.5.5 0 0 1-.5-.5V8H0v2a2 2 0 0 0 2 2h2v-1.5ZM8 12v-1.5h2a.5.5 0 0 0 .5-.5V8H12v2a2 2 0 0 1-2 2H8Zm2-12a2 2 0 0 1 2 2v2h-1.5V2a.5.5 0 0 0-.5-.5H8V0h2Z\" \/>\n\t\t\t<\/svg>\n\t\t<\/button><\/figure>\n\n\n\n<h2 class=\"wp-block-heading\">D\u00e9coration durable et design int\u00e9rieur \u00e9co-responsable : un partenariat porteur de sens<\/h2>\n\n\n\n<p>Boethic valorise les cr\u00e9ateurs et les initiatives responsables, en mettant l\u2019accent sur des pratiques respectueuses de l\u2019environnement. En tant que d\u00e9coratrice d\u2019int\u00e9rieur, je partage leur vision d\u2019un design qui conjugue esth\u00e9tique et impact positif. Cette collaboration est une belle opportunit\u00e9 de sensibiliser \u00e0 l\u2019importance des choix de mat\u00e9riaux naturels, locaux et durables dans l\u2019am\u00e9nagement de nos espaces de vie.<\/p>\n\n\n\n<figure class=\"wp-block-gallery has-nested-images columns-4 is-cropped wp-block-gallery-1 is-layout-flex wp-block-gallery-is-layout-flex\">\n<figure data-wp-context=\"{&quot;imageId&quot;:&quot;69f285b5a415e&quot;}\" data-wp-interactive=\"core\/image\" data-wp-key=\"69f285b5a415e\" class=\"wp-block-image size-full wp-lightbox-container\"><img loading=\"lazy\" decoding=\"async\" width=\"245\" height=\"245\" data-wp-class--hide=\"state.isContentHidden\" data-wp-class--show=\"state.isContentVisible\" data-wp-init=\"callbacks.setButtonStyles\" data-wp-on--click=\"actions.showLightbox\" data-wp-on--load=\"callbacks.setButtonStyles\" data-wp-on-window--resize=\"callbacks.setButtonStyles\" data-id=\"1977\" src=\"https:\/\/www.sophiejelger.fr\/wp-content\/uploads\/2025\/01\/cecile-Dorsemaine-1.jpg\" alt=\"C\u00e9cile Dorsemaine design int\u00e9rieur \u00e9co-responsable\" class=\"wp-image-1977\" srcset=\"https:\/\/www.sophiejelger.fr\/wp-content\/uploads\/2025\/01\/cecile-Dorsemaine-1.jpg 245w, https:\/\/www.sophiejelger.fr\/wp-content\/uploads\/2025\/01\/cecile-Dorsemaine-1-150x150.jpg 150w\" sizes=\"auto, (max-width: 245px) 100vw, 245px\" \/><button\n\t\t\tclass=\"lightbox-trigger\"\n\t\t\ttype=\"button\"\n\t\t\taria-haspopup=\"dialog\"\n\t\t\taria-label=\"Agrandir\"\n\t\t\tdata-wp-init=\"callbacks.initTriggerButton\"\n\t\t\tdata-wp-on--click=\"actions.showLightbox\"\n\t\t\tdata-wp-style--right=\"state.imageButtonRight\"\n\t\t\tdata-wp-style--top=\"state.imageButtonTop\"\n\t\t>\n\t\t\t<svg xmlns=\"http:\/\/www.w3.org\/2000\/svg\" width=\"12\" height=\"12\" fill=\"none\" viewBox=\"0 0 12 12\">\n\t\t\t\t<path fill=\"#fff\" d=\"M2 0a2 2 0 0 0-2 2v2h1.5V2a.5.5 0 0 1 .5-.5h2V0H2Zm2 10.5H2a.5.5 0 0 1-.5-.5V8H0v2a2 2 0 0 0 2 2h2v-1.5ZM8 12v-1.5h2a.5.5 0 0 0 .5-.5V8H12v2a2 2 0 0 1-2 2H8Zm2-12a2 2 0 0 1 2 2v2h-1.5V2a.5.5 0 0 0-.5-.5H8V0h2Z\" \/>\n\t\t\t<\/svg>\n\t\t<\/button><\/figure>\n\n\n\n<figure data-wp-context=\"{&quot;imageId&quot;:&quot;69f285b5a44b7&quot;}\" data-wp-interactive=\"core\/image\" data-wp-key=\"69f285b5a44b7\" class=\"wp-block-image size-large wp-lightbox-container\"><img loading=\"lazy\" decoding=\"async\" width=\"400\" height=\"533\" data-wp-class--hide=\"state.isContentHidden\" data-wp-class--show=\"state.isContentVisible\" data-wp-init=\"callbacks.setButtonStyles\" data-wp-on--click=\"actions.showLightbox\" data-wp-on--load=\"callbacks.setButtonStyles\" data-wp-on-window--resize=\"callbacks.setButtonStyles\" data-id=\"1972\" src=\"https:\/\/www.sophiejelger.fr\/wp-content\/uploads\/2025\/01\/Suspension-en-vois-recycle-economie-circulaire-parametrique-blanc-deco-durable-Boethic-400x533-1.png\" alt=\"suspension en bois recycl\u00e9 \u00e9conomie circulaire\" class=\"wp-image-1972\" srcset=\"https:\/\/www.sophiejelger.fr\/wp-content\/uploads\/2025\/01\/Suspension-en-vois-recycle-economie-circulaire-parametrique-blanc-deco-durable-Boethic-400x533-1.png 400w, https:\/\/www.sophiejelger.fr\/wp-content\/uploads\/2025\/01\/Suspension-en-vois-recycle-economie-circulaire-parametrique-blanc-deco-durable-Boethic-400x533-1-225x300.png 225w\" sizes=\"auto, (max-width: 400px) 100vw, 400px\" \/><button\n\t\t\tclass=\"lightbox-trigger\"\n\t\t\ttype=\"button\"\n\t\t\taria-haspopup=\"dialog\"\n\t\t\taria-label=\"Agrandir\"\n\t\t\tdata-wp-init=\"callbacks.initTriggerButton\"\n\t\t\tdata-wp-on--click=\"actions.showLightbox\"\n\t\t\tdata-wp-style--right=\"state.imageButtonRight\"\n\t\t\tdata-wp-style--top=\"state.imageButtonTop\"\n\t\t>\n\t\t\t<svg xmlns=\"http:\/\/www.w3.org\/2000\/svg\" width=\"12\" height=\"12\" fill=\"none\" viewBox=\"0 0 12 12\">\n\t\t\t\t<path fill=\"#fff\" d=\"M2 0a2 2 0 0 0-2 2v2h1.5V2a.5.5 0 0 1 .5-.5h2V0H2Zm2 10.5H2a.5.5 0 0 1-.5-.5V8H0v2a2 2 0 0 0 2 2h2v-1.5ZM8 12v-1.5h2a.5.5 0 0 0 .5-.5V8H12v2a2 2 0 0 1-2 2H8Zm2-12a2 2 0 0 1 2 2v2h-1.5V2a.5.5 0 0 0-.5-.5H8V0h2Z\" \/>\n\t\t\t<\/svg>\n\t\t<\/button><\/figure>\n\n\n\n<figure data-wp-context=\"{&quot;imageId&quot;:&quot;69f285b5a4842&quot;}\" data-wp-interactive=\"core\/image\" data-wp-key=\"69f285b5a4842\" class=\"wp-block-image size-large wp-lightbox-container\"><img loading=\"lazy\" decoding=\"async\" width=\"768\" height=\"461\" data-wp-class--hide=\"state.isContentHidden\" data-wp-class--show=\"state.isContentVisible\" data-wp-init=\"callbacks.setButtonStyles\" data-wp-on--click=\"actions.showLightbox\" data-wp-on--load=\"callbacks.setButtonStyles\" data-wp-on-window--resize=\"callbacks.setButtonStyles\" data-id=\"1973\" src=\"https:\/\/www.sophiejelger.fr\/wp-content\/uploads\/2025\/01\/chaise-imageproduit-gravene-maximum-materiau-recycle-deco-durable-shop-boethic-768x461-1.jpg\" alt=\"chaise en mat\u00e9riau recycl\u00e9\" class=\"wp-image-1973\" srcset=\"https:\/\/www.sophiejelger.fr\/wp-content\/uploads\/2025\/01\/chaise-imageproduit-gravene-maximum-materiau-recycle-deco-durable-shop-boethic-768x461-1.jpg 768w, https:\/\/www.sophiejelger.fr\/wp-content\/uploads\/2025\/01\/chaise-imageproduit-gravene-maximum-materiau-recycle-deco-durable-shop-boethic-768x461-1-300x180.jpg 300w\" sizes=\"auto, (max-width: 768px) 100vw, 768px\" \/><button\n\t\t\tclass=\"lightbox-trigger\"\n\t\t\ttype=\"button\"\n\t\t\taria-haspopup=\"dialog\"\n\t\t\taria-label=\"Agrandir\"\n\t\t\tdata-wp-init=\"callbacks.initTriggerButton\"\n\t\t\tdata-wp-on--click=\"actions.showLightbox\"\n\t\t\tdata-wp-style--right=\"state.imageButtonRight\"\n\t\t\tdata-wp-style--top=\"state.imageButtonTop\"\n\t\t>\n\t\t\t<svg xmlns=\"http:\/\/www.w3.org\/2000\/svg\" width=\"12\" height=\"12\" fill=\"none\" viewBox=\"0 0 12 12\">\n\t\t\t\t<path fill=\"#fff\" d=\"M2 0a2 2 0 0 0-2 2v2h1.5V2a.5.5 0 0 1 .5-.5h2V0H2Zm2 10.5H2a.5.5 0 0 1-.5-.5V8H0v2a2 2 0 0 0 2 2h2v-1.5ZM8 12v-1.5h2a.5.5 0 0 0 .5-.5V8H12v2a2 2 0 0 1-2 2H8Zm2-12a2 2 0 0 1 2 2v2h-1.5V2a.5.5 0 0 0-.5-.5H8V0h2Z\" \/>\n\t\t\t<\/svg>\n\t\t<\/button><\/figure>\n\n\n\n<figure data-wp-context=\"{&quot;imageId&quot;:&quot;69f285b5a4b6c&quot;}\" data-wp-interactive=\"core\/image\" data-wp-key=\"69f285b5a4b6c\" class=\"wp-block-image size-large wp-lightbox-container\"><img loading=\"lazy\" decoding=\"async\" width=\"768\" height=\"432\" data-wp-class--hide=\"state.isContentHidden\" data-wp-class--show=\"state.isContentVisible\" data-wp-init=\"callbacks.setButtonStyles\" data-wp-on--click=\"actions.showLightbox\" data-wp-on--load=\"callbacks.setButtonStyles\" data-wp-on-window--resize=\"callbacks.setButtonStyles\" data-id=\"1974\" src=\"https:\/\/www.sophiejelger.fr\/wp-content\/uploads\/2025\/01\/Lampe-design-en-acier-recycle-decoration-durable-responsable-fabrique-en-france-768x432-1.png\" alt=\"lampe design en acier d\u00e9coration durable responsable\" class=\"wp-image-1974\" srcset=\"https:\/\/www.sophiejelger.fr\/wp-content\/uploads\/2025\/01\/Lampe-design-en-acier-recycle-decoration-durable-responsable-fabrique-en-france-768x432-1.png 768w, https:\/\/www.sophiejelger.fr\/wp-content\/uploads\/2025\/01\/Lampe-design-en-acier-recycle-decoration-durable-responsable-fabrique-en-france-768x432-1-300x169.png 300w\" sizes=\"auto, (max-width: 768px) 100vw, 768px\" \/><button\n\t\t\tclass=\"lightbox-trigger\"\n\t\t\ttype=\"button\"\n\t\t\taria-haspopup=\"dialog\"\n\t\t\taria-label=\"Agrandir\"\n\t\t\tdata-wp-init=\"callbacks.initTriggerButton\"\n\t\t\tdata-wp-on--click=\"actions.showLightbox\"\n\t\t\tdata-wp-style--right=\"state.imageButtonRight\"\n\t\t\tdata-wp-style--top=\"state.imageButtonTop\"\n\t\t>\n\t\t\t<svg xmlns=\"http:\/\/www.w3.org\/2000\/svg\" width=\"12\" height=\"12\" fill=\"none\" viewBox=\"0 0 12 12\">\n\t\t\t\t<path fill=\"#fff\" d=\"M2 0a2 2 0 0 0-2 2v2h1.5V2a.5.5 0 0 1 .5-.5h2V0H2Zm2 10.5H2a.5.5 0 0 1-.5-.5V8H0v2a2 2 0 0 0 2 2h2v-1.5ZM8 12v-1.5h2a.5.5 0 0 0 .5-.5V8H12v2a2 2 0 0 1-2 2H8Zm2-12a2 2 0 0 1 2 2v2h-1.5V2a.5.5 0 0 0-.5-.5H8V0h2Z\" \/>\n\t\t\t<\/svg>\n\t\t<\/button><\/figure>\n<\/figure>\n\n\n\n<h2 class=\"wp-block-heading\"><br>Mon approche : un design int\u00e9rieur singulier et engag\u00e9<\/h2>\n\n\n\n<p>Dans cet article, Boethic revient sur ma mani\u00e8re d\u2019imaginer des int\u00e9rieurs o\u00f9 chaque d\u00e9tail a une histoire. <a href=\"https:\/\/www.sophiejelger.fr\/\" target=\"_blank\" rel=\"noreferrer noopener\">Mon travail<\/a> consiste \u00e0 cr\u00e9er des espaces chaleureux et personnalis\u00e9s, tout en r\u00e9duisant leur empreinte \u00e9cologique. Ce portrait illustre mon engagement quotidien \u00e0 prouver qu\u2019il est possible d\u2019allier beaut\u00e9 et durabilit\u00e9 dans la d\u00e9coration.<\/p>\n\n\n\n<h2 class=\"wp-block-heading\"><a href=\"https:\/\/www.sophiejelger.fr\/index.php\/decoration-eco-responsable\/\" target=\"_blank\" rel=\"noreferrer noopener\">Pourquoi choisir une d\u00e9coration \u00e9co-responsable ?<\/a><\/h2>\n\n\n\n<p>Adopter une d\u00e9marche durable dans la d\u00e9coration, c\u2019est faire le choix d\u2019espaces sains, personnalis\u00e9s, et en harmonie avec notre environnement. Que ce soit par l\u2019utilisation de mat\u00e9riaux naturels ou par la valorisation d\u2019objets de seconde main, chaque geste compte pour construire un futur plus respectueux.<\/p>\n\n\n\n<figure class=\"wp-block-gallery has-nested-images columns-default is-cropped wp-block-gallery-2 is-layout-flex wp-block-gallery-is-layout-flex\">\n<figure data-wp-context=\"{&quot;imageId&quot;:&quot;69f285b5a5714&quot;}\" data-wp-interactive=\"core\/image\" data-wp-key=\"69f285b5a5714\" class=\"wp-block-image size-large wp-lightbox-container\"><img loading=\"lazy\" decoding=\"async\" width=\"1024\" height=\"1024\" data-wp-class--hide=\"state.isContentHidden\" data-wp-class--show=\"state.isContentVisible\" data-wp-init=\"callbacks.setButtonStyles\" data-wp-on--click=\"actions.showLightbox\" data-wp-on--load=\"callbacks.setButtonStyles\" data-wp-on-window--resize=\"callbacks.setButtonStyles\" data-id=\"1980\" src=\"https:\/\/www.sophiejelger.fr\/wp-content\/uploads\/2025\/01\/Suspension-marguerite-jaune-1-1-1024x1024.jpg\" alt=\"suspension marguerite jaune boethic design int\u00e9rieur \u00e9co-responsable\" class=\"wp-image-1980\" srcset=\"https:\/\/www.sophiejelger.fr\/wp-content\/uploads\/2025\/01\/Suspension-marguerite-jaune-1-1-1024x1024.jpg 1024w, https:\/\/www.sophiejelger.fr\/wp-content\/uploads\/2025\/01\/Suspension-marguerite-jaune-1-1-300x300.jpg 300w, https:\/\/www.sophiejelger.fr\/wp-content\/uploads\/2025\/01\/Suspension-marguerite-jaune-1-1-150x150.jpg 150w, https:\/\/www.sophiejelger.fr\/wp-content\/uploads\/2025\/01\/Suspension-marguerite-jaune-1-1-768x768.jpg 768w, https:\/\/www.sophiejelger.fr\/wp-content\/uploads\/2025\/01\/Suspension-marguerite-jaune-1-1-1536x1536.jpg 1536w, https:\/\/www.sophiejelger.fr\/wp-content\/uploads\/2025\/01\/Suspension-marguerite-jaune-1-1.jpg 1654w\" sizes=\"auto, (max-width: 1024px) 100vw, 1024px\" \/><button\n\t\t\tclass=\"lightbox-trigger\"\n\t\t\ttype=\"button\"\n\t\t\taria-haspopup=\"dialog\"\n\t\t\taria-label=\"Agrandir\"\n\t\t\tdata-wp-init=\"callbacks.initTriggerButton\"\n\t\t\tdata-wp-on--click=\"actions.showLightbox\"\n\t\t\tdata-wp-style--right=\"state.imageButtonRight\"\n\t\t\tdata-wp-style--top=\"state.imageButtonTop\"\n\t\t>\n\t\t\t<svg xmlns=\"http:\/\/www.w3.org\/2000\/svg\" width=\"12\" height=\"12\" fill=\"none\" viewBox=\"0 0 12 12\">\n\t\t\t\t<path fill=\"#fff\" d=\"M2 0a2 2 0 0 0-2 2v2h1.5V2a.5.5 0 0 1 .5-.5h2V0H2Zm2 10.5H2a.5.5 0 0 1-.5-.5V8H0v2a2 2 0 0 0 2 2h2v-1.5ZM8 12v-1.5h2a.5.5 0 0 0 .5-.5V8H12v2a2 2 0 0 1-2 2H8Zm2-12a2 2 0 0 1 2 2v2h-1.5V2a.5.5 0 0 0-.5-.5H8V0h2Z\" \/>\n\t\t\t<\/svg>\n\t\t<\/button><\/figure>\n\n\n\n<figure data-wp-context=\"{&quot;imageId&quot;:&quot;69f285b5a5ac2&quot;}\" data-wp-interactive=\"core\/image\" data-wp-key=\"69f285b5a5ac2\" class=\"wp-block-image size-large wp-lightbox-container\"><img loading=\"lazy\" decoding=\"async\" width=\"1024\" height=\"684\" data-wp-class--hide=\"state.isContentHidden\" data-wp-class--show=\"state.isContentVisible\" data-wp-init=\"callbacks.setButtonStyles\" data-wp-on--click=\"actions.showLightbox\" data-wp-on--load=\"callbacks.setButtonStyles\" data-wp-on-window--resize=\"callbacks.setButtonStyles\" data-id=\"1981\" src=\"https:\/\/www.sophiejelger.fr\/wp-content\/uploads\/2025\/01\/Interieur-sain-et-durable-lampes-Boethic-1200x801-2-1024x684.png\" alt=\"int\u00e9rieur sain et durable boethic\" class=\"wp-image-1981\" srcset=\"https:\/\/www.sophiejelger.fr\/wp-content\/uploads\/2025\/01\/Interieur-sain-et-durable-lampes-Boethic-1200x801-2-1024x684.png 1024w, https:\/\/www.sophiejelger.fr\/wp-content\/uploads\/2025\/01\/Interieur-sain-et-durable-lampes-Boethic-1200x801-2-300x200.png 300w, https:\/\/www.sophiejelger.fr\/wp-content\/uploads\/2025\/01\/Interieur-sain-et-durable-lampes-Boethic-1200x801-2-768x513.png 768w, https:\/\/www.sophiejelger.fr\/wp-content\/uploads\/2025\/01\/Interieur-sain-et-durable-lampes-Boethic-1200x801-2.png 1200w\" sizes=\"auto, (max-width: 1024px) 100vw, 1024px\" \/><button\n\t\t\tclass=\"lightbox-trigger\"\n\t\t\ttype=\"button\"\n\t\t\taria-haspopup=\"dialog\"\n\t\t\taria-label=\"Agrandir\"\n\t\t\tdata-wp-init=\"callbacks.initTriggerButton\"\n\t\t\tdata-wp-on--click=\"actions.showLightbox\"\n\t\t\tdata-wp-style--right=\"state.imageButtonRight\"\n\t\t\tdata-wp-style--top=\"state.imageButtonTop\"\n\t\t>\n\t\t\t<svg xmlns=\"http:\/\/www.w3.org\/2000\/svg\" width=\"12\" height=\"12\" fill=\"none\" viewBox=\"0 0 12 12\">\n\t\t\t\t<path fill=\"#fff\" d=\"M2 0a2 2 0 0 0-2 2v2h1.5V2a.5.5 0 0 1 .5-.5h2V0H2Zm2 10.5H2a.5.5 0 0 1-.5-.5V8H0v2a2 2 0 0 0 2 2h2v-1.5ZM8 12v-1.5h2a.5.5 0 0 0 .5-.5V8H12v2a2 2 0 0 1-2 2H8Zm2-12a2 2 0 0 1 2 2v2h-1.5V2a.5.5 0 0 0-.5-.5H8V0h2Z\" \/>\n\t\t\t<\/svg>\n\t\t<\/button><\/figure>\n\n\n\n<figure data-wp-context=\"{&quot;imageId&quot;:&quot;69f285b5a5e7e&quot;}\" data-wp-interactive=\"core\/image\" data-wp-key=\"69f285b5a5e7e\" class=\"wp-block-image size-large wp-lightbox-container\"><img loading=\"lazy\" decoding=\"async\" width=\"400\" height=\"400\" data-wp-class--hide=\"state.isContentHidden\" data-wp-class--show=\"state.isContentVisible\" data-wp-init=\"callbacks.setButtonStyles\" data-wp-on--click=\"actions.showLightbox\" data-wp-on--load=\"callbacks.setButtonStyles\" data-wp-on-window--resize=\"callbacks.setButtonStyles\" data-id=\"1976\" src=\"https:\/\/www.sophiejelger.fr\/wp-content\/uploads\/2025\/01\/LAMPE-QUADRO-DECO-DURABLE-BOETHIC-edited-400x400-2.jpg\" alt=\"lampe-quadro-deco-durable-boethic\" class=\"wp-image-1976\" srcset=\"https:\/\/www.sophiejelger.fr\/wp-content\/uploads\/2025\/01\/LAMPE-QUADRO-DECO-DURABLE-BOETHIC-edited-400x400-2.jpg 400w, https:\/\/www.sophiejelger.fr\/wp-content\/uploads\/2025\/01\/LAMPE-QUADRO-DECO-DURABLE-BOETHIC-edited-400x400-2-300x300.jpg 300w, https:\/\/www.sophiejelger.fr\/wp-content\/uploads\/2025\/01\/LAMPE-QUADRO-DECO-DURABLE-BOETHIC-edited-400x400-2-150x150.jpg 150w\" sizes=\"auto, (max-width: 400px) 100vw, 400px\" \/><button\n\t\t\tclass=\"lightbox-trigger\"\n\t\t\ttype=\"button\"\n\t\t\taria-haspopup=\"dialog\"\n\t\t\taria-label=\"Agrandir\"\n\t\t\tdata-wp-init=\"callbacks.initTriggerButton\"\n\t\t\tdata-wp-on--click=\"actions.showLightbox\"\n\t\t\tdata-wp-style--right=\"state.imageButtonRight\"\n\t\t\tdata-wp-style--top=\"state.imageButtonTop\"\n\t\t>\n\t\t\t<svg xmlns=\"http:\/\/www.w3.org\/2000\/svg\" width=\"12\" height=\"12\" fill=\"none\" viewBox=\"0 0 12 12\">\n\t\t\t\t<path fill=\"#fff\" d=\"M2 0a2 2 0 0 0-2 2v2h1.5V2a.5.5 0 0 1 .5-.5h2V0H2Zm2 10.5H2a.5.5 0 0 1-.5-.5V8H0v2a2 2 0 0 0 2 2h2v-1.5ZM8 12v-1.5h2a.5.5 0 0 0 .5-.5V8H12v2a2 2 0 0 1-2 2H8Zm2-12a2 2 0 0 1 2 2v2h-1.5V2a.5.5 0 0 0-.5-.5H8V0h2Z\" \/>\n\t\t\t<\/svg>\n\t\t<\/button><\/figure>\n<\/figure>\n\n\n\n<h2 class=\"wp-block-heading\"><br>D\u00e9couvrir l\u2019article de Boethic<\/h2>\n\n\n\n<p>Je remercie chaleureusement C\u00e9cile Dorsemaine pour cette mise en lumi\u00e8re et son engagement. Pour en savoir plus, je vous invite \u00e0 lire l&rsquo;article complet <a href=\"https:\/\/www.boethic.com\/deco-durable\/un-design-interieur-singulier-sain-et-eco-responsable\" target=\"_blank\" rel=\"noreferrer noopener\">ici<\/a>. Ensemble, continuons \u00e0 promouvoir un design int\u00e9rieur \u00e9co-responsable plus \u00e9thique et durable !<\/p>\n\n\n\n<p><\/p>\n","protected":false},"excerpt":{"rendered":"<p>Promouvoir un design int\u00e9rieur \u00e9co-responsable et respectueux de l\u2019environnement est au c\u0153ur de mon m\u00e9tier. C\u2019est donc avec beaucoup de fiert\u00e9 que je partage aujourd\u2019hui ma citation dans l\u2019article de Boethic, un blog r\u00e9f\u00e9rence dans le domaine du design \u00e9thique. Intitul\u00e9 \u00ab\u00a0Un design int\u00e9rieur singulier, sain et \u00e9co-responsable\u00a0\u00bb, cet article met en lumi\u00e8re mon engagement [&hellip;]<\/p>\n","protected":false},"author":1,"featured_media":1983,"comment_status":"closed","ping_status":"open","sticky":false,"template":"","format":"standard","meta":{"footnotes":""},"categories":[10],"tags":[],"class_list":["post-1965","post","type-post","status-publish","format-standard","has-post-thumbnail","hentry","category-decoration-eco-responsable"],"_links":{"self":[{"href":"https:\/\/www.sophiejelger.fr\/index.php\/wp-json\/wp\/v2\/posts\/1965","targetHints":{"allow":["GET"]}}],"collection":[{"href":"https:\/\/www.sophiejelger.fr\/index.php\/wp-json\/wp\/v2\/posts"}],"about":[{"href":"https:\/\/www.sophiejelger.fr\/index.php\/wp-json\/wp\/v2\/types\/post"}],"author":[{"embeddable":true,"href":"https:\/\/www.sophiejelger.fr\/index.php\/wp-json\/wp\/v2\/users\/1"}],"replies":[{"embeddable":true,"href":"https:\/\/www.sophiejelger.fr\/index.php\/wp-json\/wp\/v2\/comments?post=1965"}],"version-history":[{"count":10,"href":"https:\/\/www.sophiejelger.fr\/index.php\/wp-json\/wp\/v2\/posts\/1965\/revisions"}],"predecessor-version":[{"id":2654,"href":"https:\/\/www.sophiejelger.fr\/index.php\/wp-json\/wp\/v2\/posts\/1965\/revisions\/2654"}],"wp:featuredmedia":[{"embeddable":true,"href":"https:\/\/www.sophiejelger.fr\/index.php\/wp-json\/wp\/v2\/media\/1983"}],"wp:attachment":[{"href":"https:\/\/www.sophiejelger.fr\/index.php\/wp-json\/wp\/v2\/media?parent=1965"}],"wp:term":[{"taxonomy":"category","embeddable":true,"href":"https:\/\/www.sophiejelger.fr\/index.php\/wp-json\/wp\/v2\/categories?post=1965"},{"taxonomy":"post_tag","embeddable":true,"href":"https:\/\/www.sophiejelger.fr\/index.php\/wp-json\/wp\/v2\/tags?post=1965"}],"curies":[{"name":"wp","href":"https:\/\/api.w.org\/{rel}","templated":true}]}}