{"id":1755,"date":"2024-06-17T14:17:32","date_gmt":"2024-06-17T12:17:32","guid":{"rendered":"https:\/\/www.sophiejelger.fr\/?p=1755"},"modified":"2025-11-07T12:16:14","modified_gmt":"2025-11-07T11:16:14","slug":"design-organique","status":"publish","type":"post","link":"https:\/\/www.sophiejelger.fr\/index.php\/17\/06\/2024\/design-organique\/","title":{"rendered":"Design organique : l&rsquo;art d&rsquo;allier nature et durabilit\u00e9"},"content":{"rendered":"\n<p>Le style organique en d\u00e9coration s\u2019inspire de l\u2019architecture et du design qui construisent des b\u00e2timents et des objets dont les formes sont plus proches de la nature. Ce sont des formes rondes et asym\u00e9triques, des structures et des processus inspir\u00e9s de la nature. Il vise \u00e0 cr\u00e9er des espaces harmonieux qui favorisent le bien-\u00eatre humain tout en respectant l&rsquo;environnement. <br>Ce style se caract\u00e9rise par des lignes fluides, des mat\u00e9riaux naturels et une <a href=\"https:\/\/www.sophiejelger.fr\/index.php\/23\/08\/2023\/decoration-dune-terrasse-en-bois\/\" target=\"_blank\" rel=\"noreferrer noopener\">int\u00e9gration \u00e9troite avec le paysage environnant<\/a>.<\/p>\n\n\n\n<figure class=\"wp-block-gallery has-nested-images columns-4 is-cropped wp-block-gallery-1 is-layout-flex wp-block-gallery-is-layout-flex\">\n<figure class=\"wp-block-image size-large\"><img loading=\"lazy\" decoding=\"async\" width=\"1024\" height=\"683\" data-id=\"1501\" src=\"https:\/\/www.sophiejelger.fr\/wp-content\/uploads\/2024\/03\/miroir-caoching-sophie-jelger-1-1024x683.jpg\" alt=\"Design organique : une int\u00e9gration \u00e9troite avec le paysage environnant\" class=\"wp-image-1501\" srcset=\"https:\/\/www.sophiejelger.fr\/wp-content\/uploads\/2024\/03\/miroir-caoching-sophie-jelger-1-1024x683.jpg 1024w, https:\/\/www.sophiejelger.fr\/wp-content\/uploads\/2024\/03\/miroir-caoching-sophie-jelger-1-300x200.jpg 300w, https:\/\/www.sophiejelger.fr\/wp-content\/uploads\/2024\/03\/miroir-caoching-sophie-jelger-1-768x512.jpg 768w, https:\/\/www.sophiejelger.fr\/wp-content\/uploads\/2024\/03\/miroir-caoching-sophie-jelger-1-1536x1024.jpg 1536w, https:\/\/www.sophiejelger.fr\/wp-content\/uploads\/2024\/03\/miroir-caoching-sophie-jelger-1-2048x1365.jpg 2048w\" sizes=\"auto, (max-width: 1024px) 100vw, 1024px\" \/><\/figure>\n\n\n\n<figure class=\"wp-block-image size-full\"><img loading=\"lazy\" decoding=\"async\" width=\"765\" height=\"998\" data-id=\"1097\" src=\"https:\/\/www.sophiejelger.fr\/wp-content\/uploads\/2023\/10\/papier-peint-panoramique-affreschi-sophie-jelger.jpg\" alt=\"Design organique : des formes rondes et asym\u00e9triques\" class=\"wp-image-1097\" srcset=\"https:\/\/www.sophiejelger.fr\/wp-content\/uploads\/2023\/10\/papier-peint-panoramique-affreschi-sophie-jelger.jpg 765w, https:\/\/www.sophiejelger.fr\/wp-content\/uploads\/2023\/10\/papier-peint-panoramique-affreschi-sophie-jelger-230x300.jpg 230w\" sizes=\"auto, (max-width: 765px) 100vw, 765px\" \/><\/figure>\n\n\n\n<figure class=\"wp-block-image size-large\"><img loading=\"lazy\" decoding=\"async\" width=\"768\" height=\"1024\" data-id=\"1761\" src=\"https:\/\/www.sophiejelger.fr\/wp-content\/uploads\/2024\/06\/design-organique-terrasse-sophie-jelger-768x1024.jpg\" alt=\"Design organique : le bleu cycladique, le blanc et la chaux\" class=\"wp-image-1761\" srcset=\"https:\/\/www.sophiejelger.fr\/wp-content\/uploads\/2024\/06\/design-organique-terrasse-sophie-jelger-768x1024.jpg 768w, https:\/\/www.sophiejelger.fr\/wp-content\/uploads\/2024\/06\/design-organique-terrasse-sophie-jelger-225x300.jpg 225w, https:\/\/www.sophiejelger.fr\/wp-content\/uploads\/2024\/06\/design-organique-terrasse-sophie-jelger-1152x1536.jpg 1152w, https:\/\/www.sophiejelger.fr\/wp-content\/uploads\/2024\/06\/design-organique-terrasse-sophie-jelger-scaled.jpg 1920w\" sizes=\"auto, (max-width: 768px) 100vw, 768px\" \/><\/figure>\n\n\n\n<figure class=\"wp-block-image size-large\"><img loading=\"lazy\" decoding=\"async\" width=\"768\" height=\"1024\" data-id=\"1762\" src=\"https:\/\/www.sophiejelger.fr\/wp-content\/uploads\/2024\/06\/design-organique-sdb-sophie-jelger-768x1024.jpg\" alt=\"Design organique : salle de bain\" class=\"wp-image-1762\" srcset=\"https:\/\/www.sophiejelger.fr\/wp-content\/uploads\/2024\/06\/design-organique-sdb-sophie-jelger-768x1024.jpg 768w, https:\/\/www.sophiejelger.fr\/wp-content\/uploads\/2024\/06\/design-organique-sdb-sophie-jelger-225x300.jpg 225w, https:\/\/www.sophiejelger.fr\/wp-content\/uploads\/2024\/06\/design-organique-sdb-sophie-jelger-scaled.jpg 1920w\" sizes=\"auto, (max-width: 768px) 100vw, 768px\" \/><\/figure>\n<\/figure>\n\n\n\n<h2 class=\"wp-block-heading\"><br>Les principes du design organique <\/h2>\n\n\n\n<p>Avec la prise de conscience croissante des enjeux environnementaux, le design organique est devenu un choix en vogue pour ceux qui cherchent \u00e0 vivre de mani\u00e8re plus durable. Il r\u00e9pond \u00e0 une demande croissante pour <a href=\"https:\/\/www.sophiejelger.fr\/index.php\/decoration-eco-responsable\/\" target=\"_blank\" rel=\"noreferrer noopener\">des solutions respectueuses de l&rsquo;environnement<\/a>. Il apporte une touche esth\u00e9tique qui \u00e9voque la tranquillit\u00e9 et la connexion avec la nature.<\/p>\n\n\n\n<h3 class=\"wp-block-heading\">Inspiration naturelle<\/h3>\n\n\n\n<p>Le design organique prend ses formes et ses textures de la nature. Les courbes douces des collines, les motifs complexes des feuilles, et les structures robustes des arbres sont autant de sources d&rsquo;inspiration. Cette approche permet de cr\u00e9er des espaces qui semblent faire partie int\u00e9grante de leur environnement naturel.<\/p>\n\n\n\n<h3 class=\"wp-block-heading\">Mat\u00e9riaux durables<\/h3>\n\n\n\n<p>Les mat\u00e9riaux utilis\u00e9s dans le design organique sont souvent naturels et durables. Le bois, le feuillage, la pierre, l&rsquo;argile, la terre, le lin et la laine sont des choix appr\u00e9ci\u00e9s. Ces mat\u00e9riaux ne sont pas seulement esth\u00e9tiques, mais \u00e9galement \u00e9cologiques car ils ont un faible impact environnemental et sont souvent biod\u00e9gradables ou recyclables.<\/p>\n\n\n\n<h2 class=\"wp-block-heading\">Int\u00e9gration avec l&rsquo;environnement<\/h2>\n\n\n\n<p>Un des aspects cl\u00e9s du design organique est son int\u00e9gration harmonieuse avec le paysage. Cela peut inclure la maximisation de la lumi\u00e8re naturelle, l&rsquo;utilisation de plantes locales dans la conception du jardin et la construction de structures qui suivent les contours naturels du terrain.<\/p>\n\n\n\n<figure class=\"wp-block-gallery has-nested-images columns-5 is-cropped wp-block-gallery-2 is-layout-flex wp-block-gallery-is-layout-flex\">\n<figure class=\"wp-block-image size-large\"><img loading=\"lazy\" decoding=\"async\" width=\"1024\" height=\"683\" data-id=\"1772\" src=\"https:\/\/www.sophiejelger.fr\/wp-content\/uploads\/2024\/06\/lumiere-naturelle-sophie-jelger-1024x683.jpg\" alt=\"Design organique : maximisation de la lumi\u00e8re naturelle\" class=\"wp-image-1772\" srcset=\"https:\/\/www.sophiejelger.fr\/wp-content\/uploads\/2024\/06\/lumiere-naturelle-sophie-jelger-1024x683.jpg 1024w, https:\/\/www.sophiejelger.fr\/wp-content\/uploads\/2024\/06\/lumiere-naturelle-sophie-jelger-300x200.jpg 300w, https:\/\/www.sophiejelger.fr\/wp-content\/uploads\/2024\/06\/lumiere-naturelle-sophie-jelger-768x512.jpg 768w, https:\/\/www.sophiejelger.fr\/wp-content\/uploads\/2024\/06\/lumiere-naturelle-sophie-jelger-1536x1024.jpg 1536w, https:\/\/www.sophiejelger.fr\/wp-content\/uploads\/2024\/06\/lumiere-naturelle-sophie-jelger-2048x1365.jpg 2048w\" sizes=\"auto, (max-width: 1024px) 100vw, 1024px\" \/><\/figure>\n\n\n\n<figure class=\"wp-block-image size-large\"><img loading=\"lazy\" decoding=\"async\" width=\"734\" height=\"1024\" data-id=\"1773\" src=\"https:\/\/www.sophiejelger.fr\/wp-content\/uploads\/2024\/06\/plante-sophie-jelger-734x1024.jpg\" alt=\"Design organique : utilisation de plantes locales\" class=\"wp-image-1773\" srcset=\"https:\/\/www.sophiejelger.fr\/wp-content\/uploads\/2024\/06\/plante-sophie-jelger-734x1024.jpg 734w, https:\/\/www.sophiejelger.fr\/wp-content\/uploads\/2024\/06\/plante-sophie-jelger-215x300.jpg 215w, https:\/\/www.sophiejelger.fr\/wp-content\/uploads\/2024\/06\/plante-sophie-jelger-768x1072.jpg 768w, https:\/\/www.sophiejelger.fr\/wp-content\/uploads\/2024\/06\/plante-sophie-jelger-1100x1536.jpg 1100w, https:\/\/www.sophiejelger.fr\/wp-content\/uploads\/2024\/06\/plante-sophie-jelger-scaled.jpg 1834w\" sizes=\"auto, (max-width: 734px) 100vw, 734px\" \/><\/figure>\n\n\n\n<figure class=\"wp-block-image size-large\"><img loading=\"lazy\" decoding=\"async\" width=\"1024\" height=\"1024\" data-id=\"1775\" src=\"https:\/\/www.sophiejelger.fr\/wp-content\/uploads\/2024\/06\/bois-sophie-jelger-1024x1024.jpg\" alt=\"Design organique : le bois, mat\u00e9riau durable\" class=\"wp-image-1775\" srcset=\"https:\/\/www.sophiejelger.fr\/wp-content\/uploads\/2024\/06\/bois-sophie-jelger-1024x1024.jpg 1024w, https:\/\/www.sophiejelger.fr\/wp-content\/uploads\/2024\/06\/bois-sophie-jelger-300x300.jpg 300w, https:\/\/www.sophiejelger.fr\/wp-content\/uploads\/2024\/06\/bois-sophie-jelger-150x150.jpg 150w, https:\/\/www.sophiejelger.fr\/wp-content\/uploads\/2024\/06\/bois-sophie-jelger-768x768.jpg 768w, https:\/\/www.sophiejelger.fr\/wp-content\/uploads\/2024\/06\/bois-sophie-jelger-1536x1536.jpg 1536w, https:\/\/www.sophiejelger.fr\/wp-content\/uploads\/2024\/06\/bois-sophie-jelger-2048x2048.jpg 2048w\" sizes=\"auto, (max-width: 1024px) 100vw, 1024px\" \/><\/figure>\n\n\n\n<figure class=\"wp-block-image size-large\"><img loading=\"lazy\" decoding=\"async\" width=\"1024\" height=\"683\" data-id=\"1774\" src=\"https:\/\/www.sophiejelger.fr\/wp-content\/uploads\/2024\/06\/pierre-sophie-jelger-1024x683.jpg\" alt=\"Design organique : la pierre, mat\u00e9riau naturel\" class=\"wp-image-1774\" srcset=\"https:\/\/www.sophiejelger.fr\/wp-content\/uploads\/2024\/06\/pierre-sophie-jelger-1024x683.jpg 1024w, https:\/\/www.sophiejelger.fr\/wp-content\/uploads\/2024\/06\/pierre-sophie-jelger-300x200.jpg 300w, https:\/\/www.sophiejelger.fr\/wp-content\/uploads\/2024\/06\/pierre-sophie-jelger-768x512.jpg 768w, https:\/\/www.sophiejelger.fr\/wp-content\/uploads\/2024\/06\/pierre-sophie-jelger-1536x1024.jpg 1536w, https:\/\/www.sophiejelger.fr\/wp-content\/uploads\/2024\/06\/pierre-sophie-jelger-2048x1365.jpg 2048w\" sizes=\"auto, (max-width: 1024px) 100vw, 1024px\" \/><\/figure>\n<\/figure>\n\n\n\n<h2 class=\"wp-block-heading\"><br>Avantages du design organique<\/h2>\n\n\n\n<p><a href=\"https:\/\/www.pinterest.fr\/sophiejelger\/style-d%C3%A9co-organique\/\">Le&nbsp;style organique<\/a>&nbsp;est un style intuitif, bas\u00e9 sur la vie, l\u2019\u00e9change et le ressentit. L\u2019enjeu est de concilier l\u2019habitat, l\u2019environnement et l\u2019individu en privil\u00e9giant d&rsquo;abord l\u2019int\u00e9gration de l\u2019architecture dans son environnement naturel.&nbsp;<\/p>\n\n\n\n<h3 class=\"wp-block-heading\">Bien-\u00eatre et sant\u00e9<\/h3>\n\n\n\n<p>Les espaces con\u00e7us selon les principes du design organique tendent donc \u00e0 \u00eatre plus sains et plus apaisants. Les mat\u00e9riaux naturels ne lib\u00e8rent pas de produits chimiques nocifs et la pr\u00e9sence de plantes favorise l&rsquo;absorption acoustique et humidifie l&rsquo;air. Les formes organiques et les espaces lumineux contribuent \u00e0 r\u00e9duire le stress et \u00e0 am\u00e9liorer le bien-\u00eatre g\u00e9n\u00e9ral.<\/p>\n\n\n\n<h3 class=\"wp-block-heading\">Durabilit\u00e9<\/h3>\n\n\n\n<p>Le design organique est intrins\u00e8quement durable. En utilisant des mat\u00e9riaux naturels et locaux, il r\u00e9duit l&#8217;empreinte carbone associ\u00e9e au transport et \u00e0 la production. De plus, ces mat\u00e9riaux sont souvent plus durables et n\u00e9cessitent moins d&rsquo;entretien, ce qui prolonge la dur\u00e9e de vie des b\u00e2timents et des objets d\u00e9coratifs.<\/p>\n\n\n\n<h3 class=\"wp-block-heading\">Esth\u00e9tique intemporelle<\/h3>\n\n\n\n<p>Les tendances viennent et partent toutefois le design organique a une qualit\u00e9 intemporelle. Les formes naturelles et les mat\u00e9riaux authentiques ne se d\u00e9modent pas, cr\u00e9ant des espaces qui restent beaux et fonctionnels pendant de nombreuses ann\u00e9es.<\/p>\n\n\n\n<h2 class=\"wp-block-heading\">Exemples de conception en design organique<\/h2>\n\n\n\n<figure class=\"wp-block-gallery has-nested-images columns-default is-cropped wp-block-gallery-3 is-layout-flex wp-block-gallery-is-layout-flex\">\n<figure class=\"wp-block-image size-large\"><img loading=\"lazy\" decoding=\"async\" width=\"1024\" height=\"576\" data-id=\"1780\" src=\"https:\/\/www.sophiejelger.fr\/wp-content\/uploads\/2024\/06\/maison-casacades-franck-lloyd-wright-sophie-jelger-1024x576.jpg\" alt=\"Maison sur la cascade de Franck Lloyd Wright\" class=\"wp-image-1780\" srcset=\"https:\/\/www.sophiejelger.fr\/wp-content\/uploads\/2024\/06\/maison-casacades-franck-lloyd-wright-sophie-jelger-1024x576.jpg 1024w, https:\/\/www.sophiejelger.fr\/wp-content\/uploads\/2024\/06\/maison-casacades-franck-lloyd-wright-sophie-jelger-300x169.jpg 300w, https:\/\/www.sophiejelger.fr\/wp-content\/uploads\/2024\/06\/maison-casacades-franck-lloyd-wright-sophie-jelger-768x432.jpg 768w, https:\/\/www.sophiejelger.fr\/wp-content\/uploads\/2024\/06\/maison-casacades-franck-lloyd-wright-sophie-jelger.jpg 1280w\" sizes=\"auto, (max-width: 1024px) 100vw, 1024px\" \/><\/figure>\n\n\n\n<figure class=\"wp-block-image size-large\"><img loading=\"lazy\" decoding=\"async\" width=\"768\" height=\"1024\" data-id=\"1777\" src=\"https:\/\/www.sophiejelger.fr\/wp-content\/uploads\/2024\/06\/casa-batlo-gaudi-sophie-jelger-768x1024.jpg\" alt=\"Casa Batllo de Gaudi\" class=\"wp-image-1777\" srcset=\"https:\/\/www.sophiejelger.fr\/wp-content\/uploads\/2024\/06\/casa-batlo-gaudi-sophie-jelger-768x1024.jpg 768w, https:\/\/www.sophiejelger.fr\/wp-content\/uploads\/2024\/06\/casa-batlo-gaudi-sophie-jelger-225x300.jpg 225w, https:\/\/www.sophiejelger.fr\/wp-content\/uploads\/2024\/06\/casa-batlo-gaudi-sophie-jelger-1152x1536.jpg 1152w, https:\/\/www.sophiejelger.fr\/wp-content\/uploads\/2024\/06\/casa-batlo-gaudi-sophie-jelger-1536x2048.jpg 1536w, https:\/\/www.sophiejelger.fr\/wp-content\/uploads\/2024\/06\/casa-batlo-gaudi-sophie-jelger-scaled.jpg 1920w\" sizes=\"auto, (max-width: 768px) 100vw, 768px\" \/><\/figure>\n\n\n\n<figure class=\"wp-block-image size-full\"><img loading=\"lazy\" decoding=\"async\" width=\"735\" height=\"490\" data-id=\"1782\" src=\"https:\/\/www.sophiejelger.fr\/wp-content\/uploads\/2024\/06\/forest-edge-center-kengo-kuma.jpg\" alt=\"Kengo Kuma : Parc des expositions de Strasbourg\" class=\"wp-image-1782\" srcset=\"https:\/\/www.sophiejelger.fr\/wp-content\/uploads\/2024\/06\/forest-edge-center-kengo-kuma.jpg 735w, https:\/\/www.sophiejelger.fr\/wp-content\/uploads\/2024\/06\/forest-edge-center-kengo-kuma-300x200.jpg 300w\" sizes=\"auto, (max-width: 735px) 100vw, 735px\" \/><\/figure>\n<\/figure>\n\n\n\n<h3 class=\"wp-block-heading\"><br>Architectes et designers pionniers<\/h3>\n\n\n\n<p><a href=\"https:\/\/www.connaissancedesarts.com\/arts-expositions\/art-moderne\/recit-dune-vie-frank-lloyd-wright-larchi-revolutionnaire-11137305\/\" target=\"_blank\" rel=\"noreferrer noopener\">Frank Lloyd Wright<\/a> est l&rsquo;un des pionniers du design organique. Son concept de style \u00ab\u00a0maison prairie\u00a0\u00bb int\u00e8gre des lignes horizontales longues et des mat\u00e9riaux naturels pour cr\u00e9er des b\u00e2timents qui tendent \u00e0 respecter l&rsquo;harmonie entre l&rsquo;habitat, l&rsquo;homme et la nature. <br><a href=\"https:\/\/www.casabatllo.es\/fr\/antoni-gaudi\/\" target=\"_blank\" rel=\"noreferrer noopener\">Antoni Gaud\u00ed<\/a>, avec ses structures inspir\u00e9es par la nature \u00e0 Barcelone, est un autre exemple c\u00e9l\u00e8bre.<\/p>\n\n\n\n<h3 class=\"wp-block-heading\">Projets contemporains<\/h3>\n\n\n\n<p>De nombreux architectes modernes continuent de s&rsquo;inspirer du design organique. Par exemple, l&rsquo;architecte japonais <a href=\"https:\/\/www.floornature.eu\/kengo-kuma-103\/\" target=\"_blank\" rel=\"noreferrer noopener\">Kengo Kuma<\/a> utilise des mat\u00e9riaux naturels et des formes organiques pour cr\u00e9er des b\u00e2timents qui se fondent dans leur environnement naturel. <br>Les projets r\u00e9sidentiels utilisant des techniques de construction \u00e9cologique et des mat\u00e9riaux durables illustrent de surcroit cette tendance. Ce type de construction rassemble modernit\u00e9, confort et \u00e9cologie. C&rsquo;est la raison pour laquelle une maison organique est con\u00e7ue pour donner le maximum de confort et d\u2019efficacit\u00e9 \u00e9nerg\u00e9tique possible. Elle est \u00e9cologique et durable et est extr\u00eamement isol\u00e9e et prot\u00e9g\u00e9es des agressions ext\u00e9rieures. <br>Cr\u00e9ative, l\u2019architecture s\u2019adapte et devient ainsi la continuit\u00e9 des \u00e9l\u00e9ments naturels d\u00e8s lors qu&rsquo;ils sont pr\u00e9sents (roche troglodyte, arbre, etc.)<\/p>\n\n\n\n<h2 class=\"wp-block-heading\">Comment int\u00e9grer le design organique dans un projet de d\u00e9coration d&rsquo;int\u00e9rieur ?<\/h2>\n\n\n\n<p>Trois codes sont essentiels dans cette vision&nbsp;:<strong>&nbsp;<\/strong>le&nbsp;minimalisme, la modernit\u00e9 et les formes rondes et douces.<\/p>\n\n\n\n<h3 class=\"wp-block-heading\">Choix des mat\u00e9riaux<\/h3>\n\n\n\n<p>Optez pour des mat\u00e9riaux naturels et durables comme le bois massif, la pierre naturelle et le lin. Recherchez des fournisseurs locaux pour r\u00e9duire l&#8217;empreinte carbone et <a href=\"https:\/\/www.sophiejelger.fr\/index.php\/21\/03\/2024\/portrait-artisan-suspension-luminaires-bois-david-mey\/\" target=\"_blank\" rel=\"noreferrer noopener\">soutenez les artisans locaux<\/a>.<\/p>\n\n\n\n<h3 class=\"wp-block-heading\">Am\u00e9nagement de l&rsquo;espace<\/h3>\n\n\n\n<p>Cr\u00e9ez des espaces ouverts et fluides qui permettent \u00e0 la lumi\u00e8re naturelle de circuler. Utilisez des cloisons l\u00e9g\u00e8res ou des \u00e9crans en mat\u00e9riaux naturels pour s\u00e9parer les espaces sans les cloisonner compl\u00e8tement. L\u2019organique, c\u2019est-\u00e0-dire le vivant, a des formes fluides permettant la libre circulation de la lumi\u00e8re et de l\u2019air pour ne pas arr\u00eater le regard.<\/p>\n\n\n\n<h3 class=\"wp-block-heading\">D\u00e9coration en design organique <\/h3>\n\n\n\n<p>L\u2019harmonie de la couleur avec les formes naturelles est un des grands principes de l\u2019architecture organique : les tons y sont neutres, doux et lumineux (blanc, beige, terracotta, marron et vert).<br>Les plantes d&rsquo;int\u00e9rieur feront parie int\u00e9grante du d\u00e9cor pour apporter une touche de verdure et les textures naturelles (tapis en jute ou des coussins en laine) seront utilis\u00e9s pour ajouter de la chaleur et du confort. <br>L&rsquo;esprit organique est li\u00e9 de bois, de verre, de c\u00e9ramique, de papier m\u00e2ch\u00e9, de tissus bouclette, de laiton. Les \u00e9l\u00e9ments d\u00e9coratifs comme des pierres, des coquillages ou des morceaux de bois flott\u00e9 peuvent aussi renforcer l&rsquo;aspect organique. <br>Privil\u00e9giez les mod\u00e8les aux coins arrondis (table basse ronde comme un tronc d&rsquo;arbre ou en forme de haricot, chaises ou fauteuils enveloppants aux accoudoirs incurv\u00e9s, vase bomb\u00e9, miroir de forme organique, etc.) pour combler l&rsquo;espace et faire le lien avec l&rsquo;ext\u00e9rieur.<\/p>\n\n\n\n<figure class=\"wp-block-gallery has-nested-images columns-5 is-cropped wp-block-gallery-4 is-layout-flex wp-block-gallery-is-layout-flex\">\n<figure class=\"wp-block-image size-large\"><img loading=\"lazy\" decoding=\"async\" width=\"768\" height=\"1024\" data-id=\"1788\" src=\"https:\/\/www.sophiejelger.fr\/wp-content\/uploads\/2024\/06\/couleurs-organiques-sophie-jelger-768x1024.png\" alt=\"Couleurs et d\u00e9coration design organique d'int\u00e9rieur\" class=\"wp-image-1788\" srcset=\"https:\/\/www.sophiejelger.fr\/wp-content\/uploads\/2024\/06\/couleurs-organiques-sophie-jelger-768x1024.png 768w, https:\/\/www.sophiejelger.fr\/wp-content\/uploads\/2024\/06\/couleurs-organiques-sophie-jelger-225x300.png 225w, https:\/\/www.sophiejelger.fr\/wp-content\/uploads\/2024\/06\/couleurs-organiques-sophie-jelger.png 960w\" sizes=\"auto, (max-width: 768px) 100vw, 768px\" \/><\/figure>\n\n\n\n<figure class=\"wp-block-image size-large\"><img loading=\"lazy\" decoding=\"async\" width=\"683\" height=\"1024\" data-id=\"1785\" src=\"https:\/\/www.sophiejelger.fr\/wp-content\/uploads\/2024\/06\/decoration-organique-sophie-jelger-683x1024.jpg\" alt=\"C\u00e9ramique design organique\" class=\"wp-image-1785\" srcset=\"https:\/\/www.sophiejelger.fr\/wp-content\/uploads\/2024\/06\/decoration-organique-sophie-jelger-683x1024.jpg 683w, https:\/\/www.sophiejelger.fr\/wp-content\/uploads\/2024\/06\/decoration-organique-sophie-jelger-200x300.jpg 200w, https:\/\/www.sophiejelger.fr\/wp-content\/uploads\/2024\/06\/decoration-organique-sophie-jelger-768x1152.jpg 768w, https:\/\/www.sophiejelger.fr\/wp-content\/uploads\/2024\/06\/decoration-organique-sophie-jelger-1024x1536.jpg 1024w, https:\/\/www.sophiejelger.fr\/wp-content\/uploads\/2024\/06\/decoration-organique-sophie-jelger-1366x2048.jpg 1366w, https:\/\/www.sophiejelger.fr\/wp-content\/uploads\/2024\/06\/decoration-organique-sophie-jelger-scaled.jpg 1707w\" sizes=\"auto, (max-width: 683px) 100vw, 683px\" \/><\/figure>\n\n\n\n<figure class=\"wp-block-image size-large\"><img loading=\"lazy\" decoding=\"async\" width=\"768\" height=\"1024\" data-id=\"1262\" src=\"https:\/\/www.sophiejelger.fr\/wp-content\/uploads\/2024\/01\/IMG_4112-768x1024.jpg\" alt=\"Design organique : les plantes d'int\u00e9rieur font partie int\u00e9grante du d\u00e9cor\" class=\"wp-image-1262\" srcset=\"https:\/\/www.sophiejelger.fr\/wp-content\/uploads\/2024\/01\/IMG_4112-768x1024.jpg 768w, https:\/\/www.sophiejelger.fr\/wp-content\/uploads\/2024\/01\/IMG_4112-225x300.jpg 225w, https:\/\/www.sophiejelger.fr\/wp-content\/uploads\/2024\/01\/IMG_4112-1152x1536.jpg 1152w, https:\/\/www.sophiejelger.fr\/wp-content\/uploads\/2024\/01\/IMG_4112-1536x2048.jpg 1536w, https:\/\/www.sophiejelger.fr\/wp-content\/uploads\/2024\/01\/IMG_4112-scaled.jpg 1920w\" sizes=\"auto, (max-width: 768px) 100vw, 768px\" \/><\/figure>\n\n\n\n<figure class=\"wp-block-image size-large\"><img loading=\"lazy\" decoding=\"async\" width=\"683\" height=\"1024\" data-id=\"1786\" src=\"https:\/\/www.sophiejelger.fr\/wp-content\/uploads\/2024\/06\/table-arbre-sophie-jelger-683x1024.jpg\" alt=\"Design organique : table basse ronde tronc d'arbre\" class=\"wp-image-1786\" srcset=\"https:\/\/www.sophiejelger.fr\/wp-content\/uploads\/2024\/06\/table-arbre-sophie-jelger-683x1024.jpg 683w, https:\/\/www.sophiejelger.fr\/wp-content\/uploads\/2024\/06\/table-arbre-sophie-jelger-200x300.jpg 200w, https:\/\/www.sophiejelger.fr\/wp-content\/uploads\/2024\/06\/table-arbre-sophie-jelger-768x1152.jpg 768w, https:\/\/www.sophiejelger.fr\/wp-content\/uploads\/2024\/06\/table-arbre-sophie-jelger-1024x1536.jpg 1024w, https:\/\/www.sophiejelger.fr\/wp-content\/uploads\/2024\/06\/table-arbre-sophie-jelger-1365x2048.jpg 1365w, https:\/\/www.sophiejelger.fr\/wp-content\/uploads\/2024\/06\/table-arbre-sophie-jelger-scaled.jpg 1707w\" sizes=\"auto, (max-width: 683px) 100vw, 683px\" \/><\/figure>\n\n\n\n<figure class=\"wp-block-image size-large\"><img loading=\"lazy\" decoding=\"async\" width=\"683\" height=\"1024\" data-id=\"1784\" src=\"https:\/\/www.sophiejelger.fr\/wp-content\/uploads\/2024\/06\/miroir-organique-sophie-jelger-683x1024.jpg\" alt=\"Miroir design organique\" class=\"wp-image-1784\" srcset=\"https:\/\/www.sophiejelger.fr\/wp-content\/uploads\/2024\/06\/miroir-organique-sophie-jelger-683x1024.jpg 683w, https:\/\/www.sophiejelger.fr\/wp-content\/uploads\/2024\/06\/miroir-organique-sophie-jelger-200x300.jpg 200w, https:\/\/www.sophiejelger.fr\/wp-content\/uploads\/2024\/06\/miroir-organique-sophie-jelger-768x1152.jpg 768w, https:\/\/www.sophiejelger.fr\/wp-content\/uploads\/2024\/06\/miroir-organique-sophie-jelger-1024x1536.jpg 1024w, https:\/\/www.sophiejelger.fr\/wp-content\/uploads\/2024\/06\/miroir-organique-sophie-jelger-1365x2048.jpg 1365w, https:\/\/www.sophiejelger.fr\/wp-content\/uploads\/2024\/06\/miroir-organique-sophie-jelger-scaled.jpg 1707w\" sizes=\"auto, (max-width: 683px) 100vw, 683px\" \/><\/figure>\n\n\n\n<figure class=\"wp-block-image size-large\"><img loading=\"lazy\" decoding=\"async\" width=\"683\" height=\"1024\" data-id=\"947\" src=\"https:\/\/www.sophiejelger.fr\/wp-content\/uploads\/2023\/09\/decoration-interieur-miroir-sophie-jelger-683x1024.jpg\" alt=\"Design organique : reflet sur l'ext\u00e9rieur\" class=\"wp-image-947\" srcset=\"https:\/\/www.sophiejelger.fr\/wp-content\/uploads\/2023\/09\/decoration-interieur-miroir-sophie-jelger-683x1024.jpg 683w, https:\/\/www.sophiejelger.fr\/wp-content\/uploads\/2023\/09\/decoration-interieur-miroir-sophie-jelger-200x300.jpg 200w, https:\/\/www.sophiejelger.fr\/wp-content\/uploads\/2023\/09\/decoration-interieur-miroir-sophie-jelger-768x1152.jpg 768w, https:\/\/www.sophiejelger.fr\/wp-content\/uploads\/2023\/09\/decoration-interieur-miroir-sophie-jelger-1024x1536.jpg 1024w, https:\/\/www.sophiejelger.fr\/wp-content\/uploads\/2023\/09\/decoration-interieur-miroir-sophie-jelger-1365x2048.jpg 1365w, https:\/\/www.sophiejelger.fr\/wp-content\/uploads\/2023\/09\/decoration-interieur-miroir-sophie-jelger-scaled.jpg 1707w\" sizes=\"auto, (max-width: 683px) 100vw, 683px\" \/><\/figure>\n\n\n\n<figure class=\"wp-block-image size-large\"><img loading=\"lazy\" decoding=\"async\" width=\"683\" height=\"1024\" data-id=\"1787\" src=\"https:\/\/www.sophiejelger.fr\/wp-content\/uploads\/2024\/06\/vase-organique-sophie-jelger-683x1024.jpg\" alt=\"Vase design organique\" class=\"wp-image-1787\" srcset=\"https:\/\/www.sophiejelger.fr\/wp-content\/uploads\/2024\/06\/vase-organique-sophie-jelger-683x1024.jpg 683w, https:\/\/www.sophiejelger.fr\/wp-content\/uploads\/2024\/06\/vase-organique-sophie-jelger-200x300.jpg 200w, https:\/\/www.sophiejelger.fr\/wp-content\/uploads\/2024\/06\/vase-organique-sophie-jelger-768x1152.jpg 768w, https:\/\/www.sophiejelger.fr\/wp-content\/uploads\/2024\/06\/vase-organique-sophie-jelger-1024x1536.jpg 1024w, https:\/\/www.sophiejelger.fr\/wp-content\/uploads\/2024\/06\/vase-organique-sophie-jelger-1365x2048.jpg 1365w, https:\/\/www.sophiejelger.fr\/wp-content\/uploads\/2024\/06\/vase-organique-sophie-jelger-scaled.jpg 1707w\" sizes=\"auto, (max-width: 683px) 100vw, 683px\" \/><\/figure>\n\n\n\n<figure class=\"wp-block-image size-large\"><img loading=\"lazy\" decoding=\"async\" width=\"683\" height=\"1024\" data-id=\"1038\" src=\"https:\/\/www.sophiejelger.fr\/wp-content\/uploads\/2023\/10\/iStock-1353787734-683x1024.jpg\" alt=\"\" class=\"wp-image-1038\" srcset=\"https:\/\/www.sophiejelger.fr\/wp-content\/uploads\/2023\/10\/iStock-1353787734-683x1024.jpg 683w, https:\/\/www.sophiejelger.fr\/wp-content\/uploads\/2023\/10\/iStock-1353787734-200x300.jpg 200w, https:\/\/www.sophiejelger.fr\/wp-content\/uploads\/2023\/10\/iStock-1353787734-768x1152.jpg 768w, https:\/\/www.sophiejelger.fr\/wp-content\/uploads\/2023\/10\/iStock-1353787734-1024x1536.jpg 1024w, https:\/\/www.sophiejelger.fr\/wp-content\/uploads\/2023\/10\/iStock-1353787734-scaled.jpg 1707w\" sizes=\"auto, (max-width: 683px) 100vw, 683px\" \/><\/figure>\n\n\n\n<figure class=\"wp-block-image size-large\"><img loading=\"lazy\" decoding=\"async\" width=\"683\" height=\"1024\" data-id=\"1478\" src=\"https:\/\/www.sophiejelger.fr\/wp-content\/uploads\/2024\/03\/illustration-coaching-deco-sophie-jelger-683x1024.jpg\" alt=\"\" class=\"wp-image-1478\" srcset=\"https:\/\/www.sophiejelger.fr\/wp-content\/uploads\/2024\/03\/illustration-coaching-deco-sophie-jelger-683x1024.jpg 683w, https:\/\/www.sophiejelger.fr\/wp-content\/uploads\/2024\/03\/illustration-coaching-deco-sophie-jelger-200x300.jpg 200w, https:\/\/www.sophiejelger.fr\/wp-content\/uploads\/2024\/03\/illustration-coaching-deco-sophie-jelger-768x1152.jpg 768w, https:\/\/www.sophiejelger.fr\/wp-content\/uploads\/2024\/03\/illustration-coaching-deco-sophie-jelger-1024x1536.jpg 1024w, https:\/\/www.sophiejelger.fr\/wp-content\/uploads\/2024\/03\/illustration-coaching-deco-sophie-jelger-1365x2048.jpg 1365w, https:\/\/www.sophiejelger.fr\/wp-content\/uploads\/2024\/03\/illustration-coaching-deco-sophie-jelger-scaled.jpg 1707w\" sizes=\"auto, (max-width: 683px) 100vw, 683px\" \/><\/figure>\n\n\n\n<figure class=\"wp-block-image size-large\"><img loading=\"lazy\" decoding=\"async\" width=\"1707\" height=\"2560\" data-id=\"1242\" src=\"https:\/\/www.sophiejelger.fr\/wp-content\/uploads\/2024\/01\/pexels-mikhail-nilov-6707630-scaled.jpg\" alt=\"\" class=\"wp-image-1242\" srcset=\"https:\/\/www.sophiejelger.fr\/wp-content\/uploads\/2024\/01\/pexels-mikhail-nilov-6707630-scaled.jpg 1707w, https:\/\/www.sophiejelger.fr\/wp-content\/uploads\/2024\/01\/pexels-mikhail-nilov-6707630-200x300.jpg 200w\" sizes=\"auto, (max-width: 1707px) 100vw, 1707px\" \/><\/figure>\n<\/figure>\n\n\n\n<p><br>Vous l&rsquo;aurez compris, le bien-\u00eatre, la durabilit\u00e9 et l&rsquo;esth\u00e9tique intemporelle sont les principaux avantages du design organique int\u00e9rieur. <br>Etes-vous pr\u00eats \u00e0 adopter ces pratiques de design organique dans vos int\u00e9rieurs ?<br><br><a href=\"https:\/\/www.sophiejelger.fr\/index.php\/contact\/\" target=\"_blank\" rel=\"noreferrer noopener\">Contactez-moi<\/a> pour vous aider \u00e0 r\u00e9aliser des projets personnalis\u00e9s qui respectent les principes du design organique. Je vous aide \u00e0 choisir des mat\u00e9riaux durables et \u00e0 int\u00e9grer harmonieusement vos espaces avec leur environnement naturel.<br><\/p>\n","protected":false},"excerpt":{"rendered":"<p>Le style organique en d\u00e9coration s\u2019inspire de l\u2019architecture et du design qui construisent des b\u00e2timents et des objets dont les formes sont plus proches de la nature. Ce sont des formes rondes et asym\u00e9triques, des structures et des processus inspir\u00e9s de la nature. Il vise \u00e0 cr\u00e9er des espaces harmonieux qui favorisent le bien-\u00eatre humain [&hellip;]<\/p>\n","protected":false},"author":1,"featured_media":1804,"comment_status":"closed","ping_status":"open","sticky":false,"template":"","format":"standard","meta":{"footnotes":""},"categories":[10],"tags":[],"class_list":["post-1755","post","type-post","status-publish","format-standard","has-post-thumbnail","hentry","category-decoration-eco-responsable"],"_links":{"self":[{"href":"https:\/\/www.sophiejelger.fr\/index.php\/wp-json\/wp\/v2\/posts\/1755","targetHints":{"allow":["GET"]}}],"collection":[{"href":"https:\/\/www.sophiejelger.fr\/index.php\/wp-json\/wp\/v2\/posts"}],"about":[{"href":"https:\/\/www.sophiejelger.fr\/index.php\/wp-json\/wp\/v2\/types\/post"}],"author":[{"embeddable":true,"href":"https:\/\/www.sophiejelger.fr\/index.php\/wp-json\/wp\/v2\/users\/1"}],"replies":[{"embeddable":true,"href":"https:\/\/www.sophiejelger.fr\/index.php\/wp-json\/wp\/v2\/comments?post=1755"}],"version-history":[{"count":28,"href":"https:\/\/www.sophiejelger.fr\/index.php\/wp-json\/wp\/v2\/posts\/1755\/revisions"}],"predecessor-version":[{"id":2660,"href":"https:\/\/www.sophiejelger.fr\/index.php\/wp-json\/wp\/v2\/posts\/1755\/revisions\/2660"}],"wp:featuredmedia":[{"embeddable":true,"href":"https:\/\/www.sophiejelger.fr\/index.php\/wp-json\/wp\/v2\/media\/1804"}],"wp:attachment":[{"href":"https:\/\/www.sophiejelger.fr\/index.php\/wp-json\/wp\/v2\/media?parent=1755"}],"wp:term":[{"taxonomy":"category","embeddable":true,"href":"https:\/\/www.sophiejelger.fr\/index.php\/wp-json\/wp\/v2\/categories?post=1755"},{"taxonomy":"post_tag","embeddable":true,"href":"https:\/\/www.sophiejelger.fr\/index.php\/wp-json\/wp\/v2\/tags?post=1755"}],"curies":[{"name":"wp","href":"https:\/\/api.w.org\/{rel}","templated":true}]}}