{"id":1123,"date":"2023-11-21T10:05:20","date_gmt":"2023-11-21T09:05:20","guid":{"rendered":"https:\/\/www.sophiejelger.fr\/?p=1123"},"modified":"2025-11-07T12:19:16","modified_gmt":"2025-11-07T11:19:16","slug":"pourquoi-faire-appel-a-une-decoratrice-eco-responsable","status":"publish","type":"post","link":"https:\/\/www.sophiejelger.fr\/index.php\/21\/11\/2023\/pourquoi-faire-appel-a-une-decoratrice-eco-responsable\/","title":{"rendered":"Pourquoi faire appel \u00e0 une d\u00e9coratrice \u00e9co-responsable ?"},"content":{"rendered":"\n<h2 class=\"wp-block-heading\"><br>Juste une mise au point\u2026<\/h2>\n\n\n\n<p>Lorsque je me pr\u00e9sente comme d\u00e9coratrice \u00e9co-responsable, on me dit parfois :<\/p>\n\n\n\n<blockquote class=\"wp-block-quote is-layout-flow wp-block-quote-is-layout-flow\">\n<p>\u201cAh, tu fais des trucs avec de la toile de jute ou des palettes ?\u201d<\/p>\n<\/blockquote>\n\n\n\n<p>Eh bien non ! La <a href=\"https:\/\/www.sophiejelger.fr\/index.php\/decoration-eco-responsable\/\" target=\"_blank\" rel=\"noreferrer noopener\">d\u00e9coration d\u2019int\u00e9rieur \u00e9co-responsable<\/a> ne se r\u00e9sume pas \u00e0 cela. Mon objectif est de sensibiliser \u00e0 la pollution d\u00e9corative et d\u2019encourager chacun \u00e0 agir, sans jugement ni injonction. Avoir conscience de son impact ne signifie pas tout ma\u00eetriser, mais <strong>am\u00e9liorer ce que l\u2019on peut<\/strong> : choisir des mat\u00e9riaux sains, privil\u00e9gier des meubles durables, et consommer avec sens. Cr\u00e9er une d\u00e9coration pertinente, \u00e9cologique et plus saine, c\u2019est d\u00e9j\u00e0 un grand pas vers un habitat plus responsable.<\/p>\n\n\n\n<h2 class=\"wp-block-heading\">Une approche concr\u00e8te et positive<\/h2>\n\n\n\n<h3 class=\"wp-block-heading\">Comment r\u00e9duire l&rsquo;impact environnemental d&rsquo;un projet d\u00e9co ?<\/h3>\n\n\n\n<p>De nombreuses solutions existent :<br>&#8211; s\u00e9lectionner des mat\u00e9riaux sains, locaux et renouvelables ;<br>&#8211; donner une seconde vie au mobilier et aux objets de d\u00e9coration ;<br>&#8211; faire appel \u00e0 des artisans engag\u00e9s et \u00e0 des marques qui proposent des produits durables et esth\u00e9tiques.<br>La d\u00e9coration \u00e9co-responsable, c\u2019est avant tout une d\u00e9marche cr\u00e9ative, humaine, p\u00e9renne et coh\u00e9rente.<\/p>\n\n\n\n<figure class=\"wp-block-gallery has-nested-images columns-default is-cropped wp-block-gallery-1 is-layout-flex wp-block-gallery-is-layout-flex\">\n<figure class=\"wp-block-image size-large\"><img loading=\"lazy\" decoding=\"async\" width=\"768\" height=\"1024\" data-id=\"1039\" src=\"https:\/\/www.sophiejelger.fr\/wp-content\/uploads\/2023\/10\/iStock-1400766944-768x1024.jpg\" alt=\"\" class=\"wp-image-1039\" srcset=\"https:\/\/www.sophiejelger.fr\/wp-content\/uploads\/2023\/10\/iStock-1400766944-768x1024.jpg 768w, https:\/\/www.sophiejelger.fr\/wp-content\/uploads\/2023\/10\/iStock-1400766944-225x300.jpg 225w, https:\/\/www.sophiejelger.fr\/wp-content\/uploads\/2023\/10\/iStock-1400766944-1152x1536.jpg 1152w, https:\/\/www.sophiejelger.fr\/wp-content\/uploads\/2023\/10\/iStock-1400766944-1536x2048.jpg 1536w, https:\/\/www.sophiejelger.fr\/wp-content\/uploads\/2023\/10\/iStock-1400766944-scaled.jpg 1920w\" sizes=\"auto, (max-width: 768px) 100vw, 768px\" \/><\/figure>\n\n\n\n<figure class=\"wp-block-image size-full\"><img decoding=\"async\" data-id=\"945\" src=\"https:\/\/www.sophiejelger.fr\/wp-content\/uploads\/2023\/09\/decoration-interieure-sophie-jelger.jpg\" alt=\"\" class=\"wp-image-945\"\/><\/figure>\n\n\n\n<figure class=\"wp-block-image size-large\"><img loading=\"lazy\" decoding=\"async\" width=\"683\" height=\"1024\" data-id=\"1038\" src=\"https:\/\/www.sophiejelger.fr\/wp-content\/uploads\/2023\/10\/iStock-1353787734-683x1024.jpg\" alt=\"\" class=\"wp-image-1038\" srcset=\"https:\/\/www.sophiejelger.fr\/wp-content\/uploads\/2023\/10\/iStock-1353787734-683x1024.jpg 683w, https:\/\/www.sophiejelger.fr\/wp-content\/uploads\/2023\/10\/iStock-1353787734-200x300.jpg 200w, https:\/\/www.sophiejelger.fr\/wp-content\/uploads\/2023\/10\/iStock-1353787734-768x1152.jpg 768w, https:\/\/www.sophiejelger.fr\/wp-content\/uploads\/2023\/10\/iStock-1353787734-1024x1536.jpg 1024w, https:\/\/www.sophiejelger.fr\/wp-content\/uploads\/2023\/10\/iStock-1353787734-scaled.jpg 1707w\" sizes=\"auto, (max-width: 683px) 100vw, 683px\" \/><\/figure>\n<\/figure>\n\n\n\n<h2 class=\"wp-block-heading\"><br>Ma m\u00e9thode<\/h2>\n\n\n\n<p>Tout en apportant de la personnalit\u00e9 \u00e0 votre d\u00e9coration, je valorise dans mes projets l\u2019\u00e9thique, l\u2019esth\u00e9tique, le durable et le local.<br>Au del\u00e0 de l\u2019aspect esth\u00e9tique, je vous propose d\u2019accorder une place toute particuli\u00e8re au choix, \u00e0 la provenance et \u00e0 l\u2019impact sur votre sant\u00e9, des mat\u00e9riaux et des meubles ou objets d\u00e9co que nous utiliserons dans votre projet. Cette diff\u00e9renciation se fera \u00e9galement en n\u2019h\u00e9sitant pas \u00e0 r\u00e9utiliser vos propres meubles ou du <a href=\"https:\/\/www.sophiejelger.fr\/index.php\/16\/05\/2023\/objets-chines-des-tresors-caches\/\" target=\"_blank\" rel=\"noreferrer noopener\">mobilier de seconde main<\/a>. Cela reviendra \u00e0 renouveler votre d\u00e9coration \u00e0 moindre frais, c\u2019est \u00e9cologique mais aussi \u00e9conomique !<br>Ces convictions me poussent \u00e0 \u00eatre&nbsp;cr\u00e9ative&nbsp;avec l\u2019existant plut\u00f4t que d\u2019inciter \u00e0 la surconsommation et \u00e9galement \u00e0 sensibiliser sur des besoins plus durables.<\/p>\n\n\n\n<h3 class=\"wp-block-heading\"><strong>Sensibilisation \u00e0 la durabilit\u00e9<\/strong><\/h3>\n\n\n\n<p>Je ne suis pas dans l&rsquo;injonction mais souhaite vous sensibiliser \u00e0 des alternatives respectueuses de l&rsquo;environnement que vous pourriez ne pas avoir envisag\u00e9es, favorisant ainsi des choix plus durables dans votre vie quotidienne. Je peut vous aider \u00e0 cr\u00e9er un espace qui non seulement refl\u00e8te votre style personnel, mais qui le fait de mani\u00e8re respectueuse de l&rsquo;environnement, contribuant ainsi \u00e0 la pr\u00e9servation de la plan\u00e8te pour les g\u00e9n\u00e9rations futures.<\/p>\n\n\n\n<h3 class=\"wp-block-heading\"><strong>Soutien et promotion de l&rsquo;\u00e9conomie locale et \u00e9thique<\/strong><\/h3>\n\n\n\n<p>Je fais recours \u00e0 des artisans locaux et \u00e0 des entreprises respectueuses de l&rsquo;\u00e9thique. Je privil\u00e9gie souvent les produits locaux et artisanaux car cela contribue \u00e0 soutenir l&rsquo;\u00e9conomie locale, r\u00e9duire l&rsquo;impact du transport sur l&rsquo;environnement et \u00e0 encourager des pratiques commerciales plus durables.<\/p>\n\n\n\n<h3 class=\"wp-block-heading\"><strong>R\u00e9duction de l&#8217;empreinte environnementale<\/strong><\/h3>\n\n\n\n<p>Je suis form\u00e9e pour choisir des mat\u00e9riaux durables, recyclables et \u00e0 faible impact environnemental. Cela peut contribuer \u00e0 r\u00e9duire la quantit\u00e9 de d\u00e9chets g\u00e9n\u00e9r\u00e9s et minimiser l&#8217;empreinte carbone de votre projet de d\u00e9coration.<\/p>\n\n\n\n<h3 class=\"wp-block-heading\"><strong>S\u00e9lection de produits non toxiques<\/strong><\/h3>\n\n\n\n<p>Je privil\u00e9gie l&rsquo;utilisation de peintures, rev\u00eatements de sol et autres produits sans \u00e9missions toxiques. Cela cr\u00e9e un environnement int\u00e9rieur plus sain en r\u00e9duisant la pr\u00e9sence de substances nocives pour la sant\u00e9.<\/p>\n\n\n\n<h3 class=\"wp-block-heading\"><strong>Optimisation des ressources<\/strong> naturelles<\/h3>\n\n\n\n<p>Je peux vous proposer des solutions simples pour r\u00e9duire la consommation d\u2019\u00e9nergie et d\u2019eau. Cela passe par la valorisation de la lumi\u00e8re naturelle, la ventilation douce, ou encore une meilleure efficacit\u00e9 \u00e9nerg\u00e9tique. Ces choix, pens\u00e9s d\u00e8s la conception, permettent des \u00e9conomies durables et un meilleur confort au quotidien<\/p>\n\n\n\n<figure class=\"wp-block-gallery has-nested-images columns-default is-cropped wp-block-gallery-2 is-layout-flex wp-block-gallery-is-layout-flex\">\n<figure class=\"wp-block-image aligncenter size-full\"><img loading=\"lazy\" decoding=\"async\" width=\"1080\" height=\"1080\" data-id=\"1063\" src=\"https:\/\/www.sophiejelger.fr\/wp-content\/uploads\/2023\/10\/planche-ambiance-cuisine-sophie-jelger-1.png\" alt=\"\" class=\"wp-image-1063\" srcset=\"https:\/\/www.sophiejelger.fr\/wp-content\/uploads\/2023\/10\/planche-ambiance-cuisine-sophie-jelger-1.png 1080w, https:\/\/www.sophiejelger.fr\/wp-content\/uploads\/2023\/10\/planche-ambiance-cuisine-sophie-jelger-1-300x300.png 300w, https:\/\/www.sophiejelger.fr\/wp-content\/uploads\/2023\/10\/planche-ambiance-cuisine-sophie-jelger-1-1024x1024.png 1024w, https:\/\/www.sophiejelger.fr\/wp-content\/uploads\/2023\/10\/planche-ambiance-cuisine-sophie-jelger-1-150x150.png 150w, https:\/\/www.sophiejelger.fr\/wp-content\/uploads\/2023\/10\/planche-ambiance-cuisine-sophie-jelger-1-768x768.png 768w\" sizes=\"auto, (max-width: 1080px) 100vw, 1080px\" \/><\/figure>\n\n\n\n<figure class=\"wp-block-image size-full\"><img loading=\"lazy\" decoding=\"async\" width=\"1000\" height=\"1500\" data-id=\"749\" src=\"https:\/\/www.sophiejelger.fr\/wp-content\/uploads\/2023\/06\/projet-souvenirs-oleron-sophie-jelger.jpg\" alt=\"\" class=\"wp-image-749\" srcset=\"https:\/\/www.sophiejelger.fr\/wp-content\/uploads\/2023\/06\/projet-souvenirs-oleron-sophie-jelger.jpg 1000w, https:\/\/www.sophiejelger.fr\/wp-content\/uploads\/2023\/06\/projet-souvenirs-oleron-sophie-jelger-200x300.jpg 200w, https:\/\/www.sophiejelger.fr\/wp-content\/uploads\/2023\/06\/projet-souvenirs-oleron-sophie-jelger-683x1024.jpg 683w, https:\/\/www.sophiejelger.fr\/wp-content\/uploads\/2023\/06\/projet-souvenirs-oleron-sophie-jelger-768x1152.jpg 768w\" sizes=\"auto, (max-width: 1000px) 100vw, 1000px\" \/><\/figure>\n\n\n\n<figure class=\"wp-block-image size-large\"><img loading=\"lazy\" decoding=\"async\" width=\"683\" height=\"1024\" data-id=\"1061\" src=\"https:\/\/www.sophiejelger.fr\/wp-content\/uploads\/2023\/10\/decoration-terrasse-bois-local-sophie-jelger-683x1024.png\" alt=\"\" class=\"wp-image-1061\" srcset=\"https:\/\/www.sophiejelger.fr\/wp-content\/uploads\/2023\/10\/decoration-terrasse-bois-local-sophie-jelger-683x1024.png 683w, https:\/\/www.sophiejelger.fr\/wp-content\/uploads\/2023\/10\/decoration-terrasse-bois-local-sophie-jelger-200x300.png 200w, https:\/\/www.sophiejelger.fr\/wp-content\/uploads\/2023\/10\/decoration-terrasse-bois-local-sophie-jelger-768x1152.png 768w, https:\/\/www.sophiejelger.fr\/wp-content\/uploads\/2023\/10\/decoration-terrasse-bois-local-sophie-jelger.png 1000w\" sizes=\"auto, (max-width: 683px) 100vw, 683px\" \/><\/figure>\n<\/figure>\n\n\n\n<h3 class=\"wp-block-heading\"><br>Les avantages de travailler avec une d\u00e9coratrice \u00e9co-responsable <\/h3>\n\n\n\n<p>Faire appel \u00e0 une <strong>d\u00e9coratrice labellis\u00e9e \u00e9co-responsable<\/strong>, c\u2019est choisir un accompagnement sur mesure, guid\u00e9 par vos valeurs.<br>Je vous apporte :<br>&#8211; une <strong>approche \u00e9thique et durable<\/strong>,<br>&#8211; une <strong>expertise professionnelle<\/strong>,<br>&#8211; la <strong>ma\u00eetrise de votre budget<\/strong>,<br>&#8211; un <strong>gain de temps et d\u2019\u00e9nergie<\/strong>,<br>&#8211; un <strong>r\u00e9seau de fournisseurs responsables<\/strong>,<br>&#8211; la <strong>cr\u00e9ation d\u2019un lieu unique<\/strong>,<br>&#8211; de la <strong>cr\u00e9ativit\u00e9 et de la fonctionnalit\u00e9<\/strong>,<br>&#8211; des <strong>conseils personnalis\u00e9s<\/strong> et une <strong>collaboration transparente<\/strong>.<\/p>\n\n\n\n<h2 class=\"wp-block-heading\">Bien plus qu&rsquo;une simple d\u00e9coration int\u00e9rieure\u2026<\/h2>\n\n\n\n<p>Travailler avec une d\u00e9coratrice d\u2019int\u00e9rieur \u00e9co-responsable et <a href=\"https:\/\/www.sophiejelger.fr\/index.php\/coloriste-decoratrice\/\" target=\"_blank\" rel=\"noreferrer noopener\">coloriste<\/a>, c\u2019est investir dans un projet de vie. Votre espace devient \u00e0 la fois esth\u00e9tique, fonctionnel et durable, en harmonie avec vos valeurs. Mon r\u00f4le est de <a href=\"https:\/\/www.sophiejelger.fr\/index.php\/projet-deco\/\" target=\"_blank\" rel=\"noreferrer noopener\">r\u00e9v\u00e9ler le potentiel<\/a> de chaque lieu tout en respectant la plan\u00e8te et votre bien-\u00eatre.<\/p>\n\n\n\n<p>Que vous veniez d\u2019emm\u00e9nager, que vous souhaitiez <strong>r\u00e9nover une pi\u00e8ce<\/strong>, <strong>optimiser votre espace de travail<\/strong> ou simplement <strong>trouver des id\u00e9es d\u00e9co<\/strong>, <a href=\"https:\/\/www.sophiejelger.fr\/index.php\/mes-tarifs-pour-particuliers-et-professionnels\/\" target=\"_blank\" rel=\"noreferrer noopener\">je vous accompagne \u00e0 chaque \u00e9tape<\/a>.<br>Ensemble, nous imaginons un int\u00e9rieur qui vous ressemble, beau, durable et porteur de sens.<br><br><a href=\"https:\/\/www.sophiejelger.fr\/index.php\/contact\/\" target=\"_blank\" rel=\"noreferrer noopener\">Contactez-moi<\/a> et travaillons ensemble&nbsp;pour apporter une histoire et un caract\u00e8re unique \u00e0 votre int\u00e9rieur !<\/p>\n\n\n\n<figure class=\"wp-block-gallery has-nested-images columns-3 is-cropped wp-block-gallery-3 is-layout-flex wp-block-gallery-is-layout-flex\">\n<figure class=\"wp-block-image size-large\"><img loading=\"lazy\" decoding=\"async\" width=\"1024\" height=\"768\" data-id=\"639\" src=\"https:\/\/www.sophiejelger.fr\/wp-content\/uploads\/2023\/05\/bienvenue-dans-mon-univers-d-eco-responsable-sophie-jelger--1024x768.jpg\" alt=\"Blog home staging et d\u00e9coration - Sophie Jelger\" class=\"wp-image-639\" srcset=\"https:\/\/www.sophiejelger.fr\/wp-content\/uploads\/2023\/05\/bienvenue-dans-mon-univers-d-eco-responsable-sophie-jelger--1024x768.jpg 1024w, https:\/\/www.sophiejelger.fr\/wp-content\/uploads\/2023\/05\/bienvenue-dans-mon-univers-d-eco-responsable-sophie-jelger--300x225.jpg 300w, https:\/\/www.sophiejelger.fr\/wp-content\/uploads\/2023\/05\/bienvenue-dans-mon-univers-d-eco-responsable-sophie-jelger--768x576.jpg 768w, https:\/\/www.sophiejelger.fr\/wp-content\/uploads\/2023\/05\/bienvenue-dans-mon-univers-d-eco-responsable-sophie-jelger--1536x1152.jpg 1536w, https:\/\/www.sophiejelger.fr\/wp-content\/uploads\/2023\/05\/bienvenue-dans-mon-univers-d-eco-responsable-sophie-jelger--2048x1536.jpg 2048w\" sizes=\"auto, (max-width: 1024px) 100vw, 1024px\" \/><\/figure>\n\n\n\n<figure class=\"wp-block-image size-large\"><img loading=\"lazy\" decoding=\"async\" width=\"768\" height=\"1024\" data-id=\"989\" src=\"https:\/\/www.sophiejelger.fr\/wp-content\/uploads\/2023\/10\/carte-visite-sophie-jelger-768x1024.jpg\" alt=\"\" class=\"wp-image-989\" srcset=\"https:\/\/www.sophiejelger.fr\/wp-content\/uploads\/2023\/10\/carte-visite-sophie-jelger-768x1024.jpg 768w, https:\/\/www.sophiejelger.fr\/wp-content\/uploads\/2023\/10\/carte-visite-sophie-jelger-225x300.jpg 225w, https:\/\/www.sophiejelger.fr\/wp-content\/uploads\/2023\/10\/carte-visite-sophie-jelger-1152x1536.jpg 1152w, https:\/\/www.sophiejelger.fr\/wp-content\/uploads\/2023\/10\/carte-visite-sophie-jelger-1536x2048.jpg 1536w, https:\/\/www.sophiejelger.fr\/wp-content\/uploads\/2023\/10\/carte-visite-sophie-jelger-scaled.jpg 1920w\" sizes=\"auto, (max-width: 768px) 100vw, 768px\" \/><\/figure>\n\n\n\n<figure class=\"wp-block-image size-large\"><img loading=\"lazy\" decoding=\"async\" width=\"988\" height=\"1024\" data-id=\"1127\" src=\"https:\/\/www.sophiejelger.fr\/wp-content\/uploads\/2023\/11\/Label-professionnel-decoration-ecoresponsable-56-988x1024.png\" alt=\"\" class=\"wp-image-1127\" srcset=\"https:\/\/www.sophiejelger.fr\/wp-content\/uploads\/2023\/11\/Label-professionnel-decoration-ecoresponsable-56-988x1024.png 988w, https:\/\/www.sophiejelger.fr\/wp-content\/uploads\/2023\/11\/Label-professionnel-decoration-ecoresponsable-56-289x300.png 289w, https:\/\/www.sophiejelger.fr\/wp-content\/uploads\/2023\/11\/Label-professionnel-decoration-ecoresponsable-56-768x796.png 768w, https:\/\/www.sophiejelger.fr\/wp-content\/uploads\/2023\/11\/Label-professionnel-decoration-ecoresponsable-56-1481x1536.png 1481w, https:\/\/www.sophiejelger.fr\/wp-content\/uploads\/2023\/11\/Label-professionnel-decoration-ecoresponsable-56-1975x2048.png 1975w\" sizes=\"auto, (max-width: 988px) 100vw, 988px\" \/><\/figure>\n<\/figure>\n","protected":false},"excerpt":{"rendered":"<p>Juste une mise au point\u2026 Lorsque je me pr\u00e9sente comme d\u00e9coratrice \u00e9co-responsable, on me dit parfois : \u201cAh, tu fais des trucs avec de la toile de jute ou des palettes ?\u201d Eh bien non ! La d\u00e9coration d\u2019int\u00e9rieur \u00e9co-responsable ne se r\u00e9sume pas \u00e0 cela. Mon objectif est de sensibiliser \u00e0 la pollution d\u00e9corative [&hellip;]<\/p>\n","protected":false},"author":1,"featured_media":624,"comment_status":"closed","ping_status":"open","sticky":false,"template":"","format":"standard","meta":{"footnotes":""},"categories":[10,7],"tags":[],"class_list":["post-1123","post","type-post","status-publish","format-standard","has-post-thumbnail","hentry","category-decoration-eco-responsable","category-decoration-interieure"],"_links":{"self":[{"href":"https:\/\/www.sophiejelger.fr\/index.php\/wp-json\/wp\/v2\/posts\/1123","targetHints":{"allow":["GET"]}}],"collection":[{"href":"https:\/\/www.sophiejelger.fr\/index.php\/wp-json\/wp\/v2\/posts"}],"about":[{"href":"https:\/\/www.sophiejelger.fr\/index.php\/wp-json\/wp\/v2\/types\/post"}],"author":[{"embeddable":true,"href":"https:\/\/www.sophiejelger.fr\/index.php\/wp-json\/wp\/v2\/users\/1"}],"replies":[{"embeddable":true,"href":"https:\/\/www.sophiejelger.fr\/index.php\/wp-json\/wp\/v2\/comments?post=1123"}],"version-history":[{"count":18,"href":"https:\/\/www.sophiejelger.fr\/index.php\/wp-json\/wp\/v2\/posts\/1123\/revisions"}],"predecessor-version":[{"id":2667,"href":"https:\/\/www.sophiejelger.fr\/index.php\/wp-json\/wp\/v2\/posts\/1123\/revisions\/2667"}],"wp:featuredmedia":[{"embeddable":true,"href":"https:\/\/www.sophiejelger.fr\/index.php\/wp-json\/wp\/v2\/media\/624"}],"wp:attachment":[{"href":"https:\/\/www.sophiejelger.fr\/index.php\/wp-json\/wp\/v2\/media?parent=1123"}],"wp:term":[{"taxonomy":"category","embeddable":true,"href":"https:\/\/www.sophiejelger.fr\/index.php\/wp-json\/wp\/v2\/categories?post=1123"},{"taxonomy":"post_tag","embeddable":true,"href":"https:\/\/www.sophiejelger.fr\/index.php\/wp-json\/wp\/v2\/tags?post=1123"}],"curies":[{"name":"wp","href":"https:\/\/api.w.org\/{rel}","templated":true}]}}